{"id":2731,"date":"2014-09-18T23:33:26","date_gmt":"2014-09-18T21:33:26","guid":{"rendered":"https:\/\/escolaestevebarrachina.cat\/?p=2731"},"modified":"2014-09-18T23:33:26","modified_gmt":"2014-09-18T21:33:26","slug":"festival-de-cinema-fastastic-2014","status":"publish","type":"post","link":"https:\/\/agora.xtec.cat\/escolaestevebarrachina\/activitats-del-centre\/festival-de-cinema-fastastic-2014\/","title":{"rendered":"Festival de Cinema Fast\u00e0stic 2014"},"content":{"rendered":"<p><strong>Com cada any<\/strong> el Festival de Cinema Fast\u00e0stic ha convidat el nostre alumnat de 1r fins a 4t a gaudir d\u2019una projecci\u00f3.<br \/>\nLa sessi\u00f3\u00a0 tindr\u00e0 lloc el proper divendres 03 d\u2019octubre a les 9:30h a Auditori del Meli\u00e1 . La pel\u00b7l\u00edcula que es projectar\u00e0 ser\u00e0 <a href=\"http:\/\/www.minuscule.com\" target=\"_blank\" rel=\"noopener noreferrer\">MINUSCULE<\/a>\u00a0 en 3D.<br \/>\nAix\u00ed mateix des del Festival s&#8217;anima als nens i nenes a col.laborar en el Concurs d&#8217;aparadors de Sitges, fent un dibuix inspirat en alguna de les pel.licules seg\u00fcents: GOONIES, E.T, TOTORO, WALL.E, o b\u00e9 lliure per\u00f2\u00a0 vinculat al Festival o al g\u00e8nere fant\u00e0stic.<\/p>\n<p><a href=\"https:\/\/escolaestevebarrachina.cat\/wp-content\/uploads\/2014\/09\/EscolaEstebeBarrachina_Cinema.jpg\"><img loading=\"lazy\" decoding=\"async\" class=\"aligncenter wp-image-2734 size-full\" src=\"https:\/\/escolaestevebarrachina.cat\/wp-content\/uploads\/2014\/09\/EscolaEstebeBarrachina_Cinema.jpg\" alt=\"EscolaEstebeBarrachina_Cinema\" width=\"630\" height=\"158\" \/><\/a><\/p>\n<p>Si voleu participar el termini \u00e9s fins el 30 de setembre. Cal presentar el dibuix al vostre tutor\/a. Us podeu descarregar <a href=\"https:\/\/escolaestevebarrachina.cat\/wp-content\/uploads\/2014\/09\/Plantilla-dibuix-Escoles-Sitges-2014-1.pdf\" target=\"_blank\" rel=\"noopener noreferrer\">la plantilla dels dibuixos.<\/a><\/p>\n","protected":false},"excerpt":{"rendered":"<p>Com cada any el Festival de Cinema Fast\u00e0stic ha convidat el nostre alumnat de 1r fins a 4t a gaudir d\u2019una projecci\u00f3.<br \/>\nLa sessi\u00f3\u00a0 tindr\u00e0 lloc el proper divendres 03 d\u2019octubre a les 9:30h a Auditori del Meli\u00e1 . La pel\u00b7l\u00edcula que es projectar\u00e0 ser\u00e0 <a&hellip;  <a href=\"https:\/\/agora.xtec.cat\/escolaestevebarrachina\/activitats-del-centre\/festival-de-cinema-fastastic-2014\/\" title=\"Read Festival de Cinema Fast\u00e0stic 2014\">Llegeix m\u00e9s\u00bb<\/a><\/p>\n","protected":false},"author":1,"featured_media":2732,"comment_status":"open","ping_status":"open","sticky":false,"template":"","format":"standard","meta":{"_bbp_topic_count":0,"_bbp_reply_count":0,"_bbp_total_topic_count":0,"_bbp_total_reply_count":0,"_bbp_voice_count":0,"_bbp_anonymous_reply_count":0,"_bbp_topic_count_hidden":0,"_bbp_reply_count_hidden":0,"_bbp_forum_subforum_count":0,"footnotes":""},"categories":[84,86,93,99,90],"tags":[106],"class_list":["post-2731","post","type-post","status-publish","format-standard","has-post-thumbnail","hentry","category-activitats-del-centre","category-blog","category-cicle-inicial","category-cicle-mitja","category-sortides","tag-cinema"],"post_mailing_queue_ids":[],"_links":{"self":[{"href":"https:\/\/agora.xtec.cat\/escolaestevebarrachina\/wp-json\/wp\/v2\/posts\/2731","targetHints":{"allow":["GET"]}}],"collection":[{"href":"https:\/\/agora.xtec.cat\/escolaestevebarrachina\/wp-json\/wp\/v2\/posts"}],"about":[{"href":"https:\/\/agora.xtec.cat\/escolaestevebarrachina\/wp-json\/wp\/v2\/types\/post"}],"author":[{"embeddable":true,"href":"https:\/\/agora.xtec.cat\/escolaestevebarrachina\/wp-json\/wp\/v2\/users\/1"}],"replies":[{"embeddable":true,"href":"https:\/\/agora.xtec.cat\/escolaestevebarrachina\/wp-json\/wp\/v2\/comments?post=2731"}],"version-history":[{"count":0,"href":"https:\/\/agora.xtec.cat\/escolaestevebarrachina\/wp-json\/wp\/v2\/posts\/2731\/revisions"}],"wp:featuredmedia":[{"embeddable":true,"href":"https:\/\/agora.xtec.cat\/escolaestevebarrachina\/wp-json\/"}],"wp:attachment":[{"href":"https:\/\/agora.xtec.cat\/escolaestevebarrachina\/wp-json\/wp\/v2\/media?parent=2731"}],"wp:term":[{"taxonomy":"category","embeddable":true,"href":"https:\/\/agora.xtec.cat\/escolaestevebarrachina\/wp-json\/wp\/v2\/categories?post=2731"},{"taxonomy":"post_tag","embeddable":true,"href":"https:\/\/agora.xtec.cat\/escolaestevebarrachina\/wp-json\/wp\/v2\/tags?post=2731"}],"curies":[{"name":"wp","href":"https:\/\/api.w.org\/{rel}","templated":true}]}}