{"id":2703,"date":"2014-07-22T00:14:58","date_gmt":"2014-07-21T22:14:58","guid":{"rendered":"https:\/\/escolaestevebarrachina.cat\/?p=2703"},"modified":"2014-07-22T00:14:58","modified_gmt":"2014-07-21T22:14:58","slug":"llistes-de-p3","status":"publish","type":"post","link":"https:\/\/agora.xtec.cat\/escolaestevebarrachina\/activitats-del-centre\/llistes-de-p3\/","title":{"rendered":"Llistes de P3"},"content":{"rendered":"<p>Fam\u00edlies, ja podeu consultar les llistes per saber a quin grup anir\u00e0 el vostre fill\/a, a quina hora tindreu l&#8217;adaptaci\u00f3 i quan haureu de venir per la primera entrevista amb la mestra. Passeu per l&#8217;escola, estaran penjades al vidre de consergeria.<\/p>\n<p>Recordeu tamb\u00e9 que el dia 4 de setembre a les 17h tenim la reuni\u00f3 informativa. \u00c9s important que vingueu per tal de rebre tota la informaci\u00f3 necess\u00e0ria i poder resoldre possibles dubtes dels primers dies. Us esperem!!<\/p>\n<p><a href=\"https:\/\/escolaestevebarrachina.cat\/wp-content\/uploads\/2014\/07\/benvinguts.jpg\"><img loading=\"lazy\" decoding=\"async\" class=\"size-full wp-image-2704 aligncenter\" src=\"https:\/\/escolaestevebarrachina.cat\/wp-content\/uploads\/2014\/07\/benvinguts.jpg\" alt=\"benvinguts\" width=\"320\" height=\"240\" \/><\/a><\/p>\n","protected":false},"excerpt":{"rendered":"<p>Fam\u00edlies, ja podeu consultar les llistes per saber a quin grup anir\u00e0 el vostre fill\/a, a quina hora tindreu l&#8217;adaptaci\u00f3 i quan haureu de venir per la primera entrevista amb la mestra. Passeu per l&#8217;escola, estaran penjades al vidre de consergeria.<br \/>\nRecordeu tamb\u00e9 que el dia&hellip;  <a href=\"https:\/\/agora.xtec.cat\/escolaestevebarrachina\/activitats-del-centre\/llistes-de-p3\/\" title=\"Read Llistes de P3\">Llegeix m\u00e9s\u00bb<\/a><\/p>\n","protected":false},"author":1,"featured_media":2704,"comment_status":"open","ping_status":"open","sticky":false,"template":"","format":"standard","meta":{"_bbp_topic_count":0,"_bbp_reply_count":0,"_bbp_total_topic_count":0,"_bbp_total_reply_count":0,"_bbp_voice_count":0,"_bbp_anonymous_reply_count":0,"_bbp_topic_count_hidden":0,"_bbp_reply_count_hidden":0,"_bbp_forum_subforum_count":0,"footnotes":""},"categories":[84,86,88,94],"tags":[],"class_list":["post-2703","post","type-post","status-publish","format-standard","has-post-thumbnail","hentry","category-activitats-del-centre","category-blog","category-educacio-infantil","category-informacions-del-centre"],"post_mailing_queue_ids":[],"_links":{"self":[{"href":"https:\/\/agora.xtec.cat\/escolaestevebarrachina\/wp-json\/wp\/v2\/posts\/2703","targetHints":{"allow":["GET"]}}],"collection":[{"href":"https:\/\/agora.xtec.cat\/escolaestevebarrachina\/wp-json\/wp\/v2\/posts"}],"about":[{"href":"https:\/\/agora.xtec.cat\/escolaestevebarrachina\/wp-json\/wp\/v2\/types\/post"}],"author":[{"embeddable":true,"href":"https:\/\/agora.xtec.cat\/escolaestevebarrachina\/wp-json\/wp\/v2\/users\/1"}],"replies":[{"embeddable":true,"href":"https:\/\/agora.xtec.cat\/escolaestevebarrachina\/wp-json\/wp\/v2\/comments?post=2703"}],"version-history":[{"count":0,"href":"https:\/\/agora.xtec.cat\/escolaestevebarrachina\/wp-json\/wp\/v2\/posts\/2703\/revisions"}],"wp:featuredmedia":[{"embeddable":true,"href":"https:\/\/agora.xtec.cat\/escolaestevebarrachina\/wp-json\/"}],"wp:attachment":[{"href":"https:\/\/agora.xtec.cat\/escolaestevebarrachina\/wp-json\/wp\/v2\/media?parent=2703"}],"wp:term":[{"taxonomy":"category","embeddable":true,"href":"https:\/\/agora.xtec.cat\/escolaestevebarrachina\/wp-json\/wp\/v2\/categories?post=2703"},{"taxonomy":"post_tag","embeddable":true,"href":"https:\/\/agora.xtec.cat\/escolaestevebarrachina\/wp-json\/wp\/v2\/tags?post=2703"}],"curies":[{"name":"wp","href":"https:\/\/api.w.org\/{rel}","templated":true}]}}