{"id":2661,"date":"2014-06-17T19:13:35","date_gmt":"2014-06-17T17:13:35","guid":{"rendered":"https:\/\/escolaestevebarrachina.cat\/?p=2661"},"modified":"2014-06-17T19:13:35","modified_gmt":"2014-06-17T17:13:35","slug":"festa-de-fi-de-curs-a-gaudir-tots-junts","status":"publish","type":"post","link":"https:\/\/agora.xtec.cat\/escolaestevebarrachina\/blog\/festa-de-fi-de-curs-a-gaudir-tots-junts\/","title":{"rendered":"Festa de fi de curs, a gaudir tots junts!!"},"content":{"rendered":"<p><strong>Acaba el curs<\/strong> i un altre any ha passat r\u00e0pid com un llampec!<\/p>\n<p>Ara toca celebrar-ho tots junts en la <strong>Festa de Final de Curs<\/strong> que enguany organitza l\u2019AMPA i que celebrem a l\u2019escola <strong>divendres, 20 de juny, de 19h a 23h aprox.<\/strong><\/p>\n<p>\u00c9s una festa pensada per a tota l\u2019escola, docents i fam\u00edlies amb la culminaci\u00f3 de l\u2019\u00faltima part, que protagonitzaran els alumnes de sis\u00e8 per poder acomiadar-los com cal. \u00c9s una festa oberta a tothom, \u00e9s a dir, que a banda dels pares i mares tamb\u00e9 poden venir tiets, avis, etc.<\/p>\n<p><strong>QU\u00c8 HI HAUR\u00c0?<\/strong><br \/>\nL\u2019empresa guixot8.com omplir\u00e0 el pati de jocs perqu\u00e8 tothom, de 3 a 99 anys, gaudeixi jugant. A les 20h, les alumnes de l\u2019extraescolar de Batuka ens oferiran una exhibici\u00f3 dels seus balls. Tot seguit, es far\u00e0 l\u2019entrega de trofeus a l\u2019equip d\u2019handb\u00f2l de l\u2019escola. I a les 22h, els alumnes de 6\u00e8, faran el seu ball de comiat. Tot seguit, tots a ballar m\u00fasica disco!!<\/p>\n<p><strong>QU\u00c8 HI MENJAREM?<\/strong><br \/>\nHi haur\u00e0 caravanes que oferiran begudes, sucs naturals, entrepans senzills i elaborats i cr\u00eapes dol\u00e7os i salats. I tamb\u00e9 postres i gelats artesans!<br \/>\nTot a preu asequible. Qui ho prefereixi, per\u00f2, pot portar la carmanyola de casa.<\/p>\n<p><strong>ON I QUAN AGAFAR EL TIQUET?<\/strong><br \/>\nPodeu adquirir els tiquets, que tenen el preu simb\u00f2lic de 2 euros, al local de l\u2019Ampa, de dilluns a dijous de 9h a 9:15h; de 13h a 13:15h i de 15h a 15.15h (divendres no es vendran). Important: els menors han d\u2019accedir a la festa acompanyats d\u2019un adult.<\/p>\n<p>Ens ho passarem en gran!! Us ho perdreu??<\/p>\n<p>&nbsp;<\/p>\n<p>[message_box title=&#8221;FESTA DE FI DE CURS&#8221; color=&#8221;red&#8221;]DIVENDRES, 20 DE JUNY, DE 19h a 23h aprox.[\/message_box]<\/p>\n<p>&nbsp;<\/p>\n","protected":false},"excerpt":{"rendered":"<p>Acaba el curs i un altre any ha passat r\u00e0pid com un llampec!<br \/>\nAra toca celebrar-ho tots junts en la Festa de Final de Curs que enguany organitza l\u2019AMPA i que celebrem a l\u2019escola divendres, 20 de juny, de 19h a 23h aprox.<br \/>\n\u00c9s una festa pensada&hellip;  <a href=\"https:\/\/agora.xtec.cat\/escolaestevebarrachina\/blog\/festa-de-fi-de-curs-a-gaudir-tots-junts\/\" title=\"Read Festa de fi de curs, a gaudir tots junts!!\">Llegeix m\u00e9s\u00bb<\/a><\/p>\n","protected":false},"author":1,"featured_media":2663,"comment_status":"open","ping_status":"open","sticky":false,"template":"","format":"standard","meta":{"_bbp_topic_count":0,"_bbp_reply_count":0,"_bbp_total_topic_count":0,"_bbp_total_reply_count":0,"_bbp_voice_count":0,"_bbp_anonymous_reply_count":0,"_bbp_topic_count_hidden":0,"_bbp_reply_count_hidden":0,"_bbp_forum_subforum_count":0,"footnotes":""},"categories":[104,86],"tags":[110],"class_list":["post-2661","post","type-post","status-publish","format-standard","has-post-thumbnail","hentry","category-ampa","category-blog","tag-festas"],"post_mailing_queue_ids":[],"_links":{"self":[{"href":"https:\/\/agora.xtec.cat\/escolaestevebarrachina\/wp-json\/wp\/v2\/posts\/2661","targetHints":{"allow":["GET"]}}],"collection":[{"href":"https:\/\/agora.xtec.cat\/escolaestevebarrachina\/wp-json\/wp\/v2\/posts"}],"about":[{"href":"https:\/\/agora.xtec.cat\/escolaestevebarrachina\/wp-json\/wp\/v2\/types\/post"}],"author":[{"embeddable":true,"href":"https:\/\/agora.xtec.cat\/escolaestevebarrachina\/wp-json\/wp\/v2\/users\/1"}],"replies":[{"embeddable":true,"href":"https:\/\/agora.xtec.cat\/escolaestevebarrachina\/wp-json\/wp\/v2\/comments?post=2661"}],"version-history":[{"count":0,"href":"https:\/\/agora.xtec.cat\/escolaestevebarrachina\/wp-json\/wp\/v2\/posts\/2661\/revisions"}],"wp:featuredmedia":[{"embeddable":true,"href":"https:\/\/agora.xtec.cat\/escolaestevebarrachina\/wp-json\/"}],"wp:attachment":[{"href":"https:\/\/agora.xtec.cat\/escolaestevebarrachina\/wp-json\/wp\/v2\/media?parent=2661"}],"wp:term":[{"taxonomy":"category","embeddable":true,"href":"https:\/\/agora.xtec.cat\/escolaestevebarrachina\/wp-json\/wp\/v2\/categories?post=2661"},{"taxonomy":"post_tag","embeddable":true,"href":"https:\/\/agora.xtec.cat\/escolaestevebarrachina\/wp-json\/wp\/v2\/tags?post=2661"}],"curies":[{"name":"wp","href":"https:\/\/api.w.org\/{rel}","templated":true}]}}