{"id":2654,"date":"2014-06-12T15:42:21","date_gmt":"2014-06-12T13:42:21","guid":{"rendered":"https:\/\/escolaestevebarrachina.cat\/?p=2654"},"modified":"2014-06-12T15:42:21","modified_gmt":"2014-06-12T13:42:21","slug":"gran-jornada-de-treball-convivencia","status":"publish","type":"post","link":"https:\/\/agora.xtec.cat\/escolaestevebarrachina\/activitats-del-centre\/gran-jornada-de-treball-convivencia\/","title":{"rendered":"Gran jornada de treball i conviv\u00e8ncia!!"},"content":{"rendered":"<p><a href=\"https:\/\/escolaestevebarrachina.cat\/wp-content\/uploads\/2014\/06\/Escola-esteve-barrachina-Fotor_Collage.jpg\"><img loading=\"lazy\" decoding=\"async\" class=\"aligncenter size-full wp-image-2656\" src=\"https:\/\/escolaestevebarrachina.cat\/wp-content\/uploads\/2014\/06\/Escola-esteve-barrachina-Fotor_Collage.jpg\" alt=\"Escola esteve barrachina-Fotor_Collage\" width=\"2800\" height=\"2800\" \/><\/a><\/p>\n<p><strong>Aquest dissabte passat,<\/strong> varen trobar-se un grup de pares, mares , nens i nenes a pintar les tanques\u00a0del pati d&#8217;infantil i a impregnar-hi la seva creativitat, la dels m\u00e9s menuts , es clar. Va ser una jornada espl\u00e8ndida, tothom treballava. Aix\u00f2 s\u00ed, estaven molt ben organitzats: mentre els uns tallaven les fustes, els altres llimaven, pintaven,&#8230; tot el que fes falta i sempre amb un somriure i molta alegria. Va ser tant aix\u00ed, que trobar-se un altre dia van decidir!<\/p>\n<p>L&#8217;alegria la van tenir tots els nens i nenes , el dilluns quan, en arribar a l&#8217;escola els va sorprendre la gran creaci\u00f3.<\/p>\n<p>MOLTES GR\u00c0CIES a tots: mares, nenes, pares i nens !!!!!!!!!&#8221;<\/p>\n","protected":false},"excerpt":{"rendered":"<p><a href=\"https:\/\/escolaestevebarrachina.cat\/wp-content\/uploads\/2014\/06\/Escola-esteve-barrachina-Fotor_Collage.jpg\"><\/a><br \/>\nAquest dissabte passat, varen trobar-se un grup de pares, mares , nens i nenes a pintar les tanques\u00a0del pati d&#8217;infantil i a impregnar-hi la seva creativitat, la dels m\u00e9s menuts , es clar. Va ser una jornada espl\u00e8ndida, tothom treballava. Aix\u00f2 s\u00ed, estaven molt&hellip;  <a href=\"https:\/\/agora.xtec.cat\/escolaestevebarrachina\/activitats-del-centre\/gran-jornada-de-treball-convivencia\/\" title=\"Read Gran jornada de treball i conviv\u00e8ncia!!\">Llegeix m\u00e9s\u00bb<\/a><\/p>\n","protected":false},"author":1,"featured_media":2658,"comment_status":"open","ping_status":"open","sticky":false,"template":"","format":"standard","meta":{"_bbp_topic_count":0,"_bbp_reply_count":0,"_bbp_total_topic_count":0,"_bbp_total_reply_count":0,"_bbp_voice_count":0,"_bbp_anonymous_reply_count":0,"_bbp_topic_count_hidden":0,"_bbp_reply_count_hidden":0,"_bbp_forum_subforum_count":0,"footnotes":""},"categories":[84,104,86],"tags":[105],"class_list":["post-2654","post","type-post","status-publish","format-standard","has-post-thumbnail","hentry","category-activitats-del-centre","category-ampa","category-blog","tag-ampa"],"post_mailing_queue_ids":[],"_links":{"self":[{"href":"https:\/\/agora.xtec.cat\/escolaestevebarrachina\/wp-json\/wp\/v2\/posts\/2654","targetHints":{"allow":["GET"]}}],"collection":[{"href":"https:\/\/agora.xtec.cat\/escolaestevebarrachina\/wp-json\/wp\/v2\/posts"}],"about":[{"href":"https:\/\/agora.xtec.cat\/escolaestevebarrachina\/wp-json\/wp\/v2\/types\/post"}],"author":[{"embeddable":true,"href":"https:\/\/agora.xtec.cat\/escolaestevebarrachina\/wp-json\/wp\/v2\/users\/1"}],"replies":[{"embeddable":true,"href":"https:\/\/agora.xtec.cat\/escolaestevebarrachina\/wp-json\/wp\/v2\/comments?post=2654"}],"version-history":[{"count":0,"href":"https:\/\/agora.xtec.cat\/escolaestevebarrachina\/wp-json\/wp\/v2\/posts\/2654\/revisions"}],"wp:featuredmedia":[{"embeddable":true,"href":"https:\/\/agora.xtec.cat\/escolaestevebarrachina\/wp-json\/"}],"wp:attachment":[{"href":"https:\/\/agora.xtec.cat\/escolaestevebarrachina\/wp-json\/wp\/v2\/media?parent=2654"}],"wp:term":[{"taxonomy":"category","embeddable":true,"href":"https:\/\/agora.xtec.cat\/escolaestevebarrachina\/wp-json\/wp\/v2\/categories?post=2654"},{"taxonomy":"post_tag","embeddable":true,"href":"https:\/\/agora.xtec.cat\/escolaestevebarrachina\/wp-json\/wp\/v2\/tags?post=2654"}],"curies":[{"name":"wp","href":"https:\/\/api.w.org\/{rel}","templated":true}]}}