{"id":2613,"date":"2014-05-08T00:28:51","date_gmt":"2014-05-07T22:28:51","guid":{"rendered":"https:\/\/escolaestevebarrachina.cat\/?p=2613"},"modified":"2014-05-08T00:28:51","modified_gmt":"2014-05-07T22:28:51","slug":"seguim-recollint-taps","status":"publish","type":"post","link":"https:\/\/agora.xtec.cat\/escolaestevebarrachina\/blog\/seguim-recollint-taps\/","title":{"rendered":"Seguim recollint taps"},"content":{"rendered":"<p>&nbsp;<\/p>\n<p><strong><a href=\"https:\/\/escolaestevebarrachina.cat\/wp-content\/uploads\/2014\/05\/Captura-de-pantalla-2014-05-08-a-las-00.22.55.png\"><img loading=\"lazy\" decoding=\"async\" class=\"aligncenter size-full wp-image-2616\" src=\"https:\/\/escolaestevebarrachina.cat\/wp-content\/uploads\/2014\/05\/Captura-de-pantalla-2014-05-08-a-las-00.22.55.png\" alt=\"Captura de pantalla 2014-05-08 a la(s) 00.22.55\" width=\"884\" height=\"402\" \/><\/a>A l&#8217;escola seguim recollint taps,<\/strong> pero ara s\u00f3n per la Leila de l&#8217;associaci\u00f3 &#8220;amis&#8221;( associaci\u00f3 de pares i mares de fills amb discapacitats de Sitges), que necessita un cotxe adaptat.<\/p>\n<p><strong>US DEMANEM LA VOSTRA COL.LABORACI\u00d3!<\/strong><\/p>\n","protected":false},"excerpt":{"rendered":"<p>&nbsp;<br \/>\n<a href=\"https:\/\/escolaestevebarrachina.cat\/wp-content\/uploads\/2014\/05\/Captura-de-pantalla-2014-05-08-a-las-00.22.55.png\"><\/a>A l&#8217;escola seguim recollint taps, pero ara s\u00f3n per la Leila de l&#8217;associaci\u00f3 &#8220;amis&#8221;( associaci\u00f3 de pares i mares de fills amb discapacitats de Sitges), que necessita un cotxe adaptat.<br \/>\nUS DEMANEM LA VOSTRA COL.LABORACI\u00d3!<\/p>\n","protected":false},"author":1,"featured_media":2614,"comment_status":"open","ping_status":"open","sticky":false,"template":"","format":"standard","meta":{"_bbp_topic_count":0,"_bbp_reply_count":0,"_bbp_total_topic_count":0,"_bbp_total_reply_count":0,"_bbp_voice_count":0,"_bbp_anonymous_reply_count":0,"_bbp_topic_count_hidden":0,"_bbp_reply_count_hidden":0,"_bbp_forum_subforum_count":0,"footnotes":""},"categories":[86],"tags":[116],"class_list":["post-2613","post","type-post","status-publish","format-standard","has-post-thumbnail","hentry","category-blog","tag-solidarias"],"post_mailing_queue_ids":[],"_links":{"self":[{"href":"https:\/\/agora.xtec.cat\/escolaestevebarrachina\/wp-json\/wp\/v2\/posts\/2613","targetHints":{"allow":["GET"]}}],"collection":[{"href":"https:\/\/agora.xtec.cat\/escolaestevebarrachina\/wp-json\/wp\/v2\/posts"}],"about":[{"href":"https:\/\/agora.xtec.cat\/escolaestevebarrachina\/wp-json\/wp\/v2\/types\/post"}],"author":[{"embeddable":true,"href":"https:\/\/agora.xtec.cat\/escolaestevebarrachina\/wp-json\/wp\/v2\/users\/1"}],"replies":[{"embeddable":true,"href":"https:\/\/agora.xtec.cat\/escolaestevebarrachina\/wp-json\/wp\/v2\/comments?post=2613"}],"version-history":[{"count":0,"href":"https:\/\/agora.xtec.cat\/escolaestevebarrachina\/wp-json\/wp\/v2\/posts\/2613\/revisions"}],"wp:featuredmedia":[{"embeddable":true,"href":"https:\/\/agora.xtec.cat\/escolaestevebarrachina\/wp-json\/"}],"wp:attachment":[{"href":"https:\/\/agora.xtec.cat\/escolaestevebarrachina\/wp-json\/wp\/v2\/media?parent=2613"}],"wp:term":[{"taxonomy":"category","embeddable":true,"href":"https:\/\/agora.xtec.cat\/escolaestevebarrachina\/wp-json\/wp\/v2\/categories?post=2613"},{"taxonomy":"post_tag","embeddable":true,"href":"https:\/\/agora.xtec.cat\/escolaestevebarrachina\/wp-json\/wp\/v2\/tags?post=2613"}],"curies":[{"name":"wp","href":"https:\/\/api.w.org\/{rel}","templated":true}]}}