{"id":2595,"date":"2014-05-01T00:31:32","date_gmt":"2014-04-30T22:31:32","guid":{"rendered":"https:\/\/escolaestevebarrachina.cat\/?p=2595"},"modified":"2014-05-01T00:31:32","modified_gmt":"2014-04-30T22:31:32","slug":"treballs-literaris","status":"publish","type":"post","link":"https:\/\/agora.xtec.cat\/escolaestevebarrachina\/activitats-del-centre\/treballs-literaris\/","title":{"rendered":"Treballs Literaris"},"content":{"rendered":"<p><strong>Aqu\u00ed teniu una mostra<\/strong> dels treballs exposats als passadissos de l\u2019escola. Hi hem participat tots els nens i nenes des dels m\u00e9s xics fins als m\u00e9s grans Els m\u00e9s petits de P5 han elaborat uns divertid\u00edssims rodolins i els del cicle inicial han fet poesies de Sant Jordi i uns tastets de poesia per llepar-se\u2019n els dits !! <a href=\"https:\/\/escolaestevebarrachina.cat\/wp-content\/uploads\/2014\/04\/collage.jpg\"><img loading=\"lazy\" decoding=\"async\" class=\"aligncenter size-full wp-image-2597\" src=\"https:\/\/escolaestevebarrachina.cat\/wp-content\/uploads\/2014\/04\/collage.jpg\" alt=\"collage\" width=\"2000\" height=\"2000\" \/><\/a> Els del cicle mitj\u00e0 tenien moltes ganes de jugar. Ens han ofert mots encreuats, sopes de lletres, cal\u00b7ligrames, acr\u00f2stics i descripcions per endevinar personatges i paisatges. <a href=\"https:\/\/escolaestevebarrachina.cat\/wp-content\/uploads\/2014\/04\/PicMonkey-Collage.jpg\"><img loading=\"lazy\" decoding=\"async\" class=\"aligncenter size-full wp-image-2598\" src=\"https:\/\/escolaestevebarrachina.cat\/wp-content\/uploads\/2014\/04\/PicMonkey-Collage.jpg\" alt=\"PicMonkey Collage\" width=\"851\" height=\"315\" \/><\/a> <a href=\"https:\/\/escolaestevebarrachina.cat\/wp-content\/uploads\/2014\/05\/acros.jpg\"><img loading=\"lazy\" decoding=\"async\" class=\"aligncenter size-full wp-image-2600\" src=\"https:\/\/escolaestevebarrachina.cat\/wp-content\/uploads\/2014\/05\/acros.jpg\" alt=\"acros\" width=\"3000\" height=\"1500\" \/><\/a> <a href=\"https:\/\/escolaestevebarrachina.cat\/wp-content\/uploads\/2014\/05\/col-des.jpg\"><img loading=\"lazy\" decoding=\"async\" class=\"aligncenter size-full wp-image-2602\" src=\"https:\/\/escolaestevebarrachina.cat\/wp-content\/uploads\/2014\/05\/col-des.jpg\" alt=\"col des\" width=\"2400\" height=\"1200\" \/><\/a> Ah, i els de quart tamb\u00e9 han publicat dos llibres un de les seves autobiografies i l\u2019altre sobre reportatges d\u2019animals. S\u00f3n molt interessants <a href=\"https:\/\/escolaestevebarrachina.cat\/wp-content\/uploads\/2014\/05\/crucigrames.jpg\"><img loading=\"lazy\" decoding=\"async\" class=\"aligncenter size-full wp-image-2599\" src=\"https:\/\/escolaestevebarrachina.cat\/wp-content\/uploads\/2014\/05\/crucigrames.jpg\" alt=\"crucigrames\" width=\"640\" height=\"480\" \/><\/a> Nosaltres, els m\u00e9s grans hem escrit contes a partir d\u2019unes paraules que ens ha donat la mestra . Ens ha impressionat la gran varietat de contes, amb hist\u00f2ries molt diverses que hem elaborat. <a href=\"https:\/\/escolaestevebarrachina.cat\/wp-content\/uploads\/2014\/05\/col-contes-1.jpg\"><img loading=\"lazy\" decoding=\"async\" class=\"aligncenter size-full wp-image-2605\" src=\"https:\/\/escolaestevebarrachina.cat\/wp-content\/uploads\/2014\/05\/col-contes-1.jpg\" alt=\"col contes 1\" width=\"2400\" height=\"1200\" \/><\/a> Despr\u00e9s de tot aquest treball hem tingut una grata sorpresa. Tenim llibres nous ala biblioteca. <a href=\"https:\/\/escolaestevebarrachina.cat\/wp-content\/uploads\/2014\/05\/biblio.jpg\"><img loading=\"lazy\" decoding=\"async\" class=\"aligncenter size-full wp-image-2604\" src=\"https:\/\/escolaestevebarrachina.cat\/wp-content\/uploads\/2014\/05\/biblio.jpg\" alt=\"biblio\" width=\"2400\" height=\"1200\" \/><\/a><\/p>\n","protected":false},"excerpt":{"rendered":"<p>Aqu\u00ed teniu una mostra dels treballs exposats als passadissos de l\u2019escola. Hi hem participat tots els nens i nenes des dels m\u00e9s xics fins als m\u00e9s grans Els m\u00e9s petits de P5 han elaborat uns divertid\u00edssims rodolins i els del cicle inicial han fet poesies&hellip;  <a href=\"https:\/\/agora.xtec.cat\/escolaestevebarrachina\/activitats-del-centre\/treballs-literaris\/\" title=\"Read Treballs Literaris\">Llegeix m\u00e9s\u00bb<\/a><\/p>\n","protected":false},"author":1,"featured_media":2596,"comment_status":"open","ping_status":"open","sticky":false,"template":"","format":"standard","meta":{"_bbp_topic_count":0,"_bbp_reply_count":0,"_bbp_total_topic_count":0,"_bbp_total_reply_count":0,"_bbp_voice_count":0,"_bbp_anonymous_reply_count":0,"_bbp_topic_count_hidden":0,"_bbp_reply_count_hidden":0,"_bbp_forum_subforum_count":0,"footnotes":""},"categories":[84,86],"tags":[],"class_list":["post-2595","post","type-post","status-publish","format-standard","has-post-thumbnail","hentry","category-activitats-del-centre","category-blog"],"post_mailing_queue_ids":[],"_links":{"self":[{"href":"https:\/\/agora.xtec.cat\/escolaestevebarrachina\/wp-json\/wp\/v2\/posts\/2595","targetHints":{"allow":["GET"]}}],"collection":[{"href":"https:\/\/agora.xtec.cat\/escolaestevebarrachina\/wp-json\/wp\/v2\/posts"}],"about":[{"href":"https:\/\/agora.xtec.cat\/escolaestevebarrachina\/wp-json\/wp\/v2\/types\/post"}],"author":[{"embeddable":true,"href":"https:\/\/agora.xtec.cat\/escolaestevebarrachina\/wp-json\/wp\/v2\/users\/1"}],"replies":[{"embeddable":true,"href":"https:\/\/agora.xtec.cat\/escolaestevebarrachina\/wp-json\/wp\/v2\/comments?post=2595"}],"version-history":[{"count":0,"href":"https:\/\/agora.xtec.cat\/escolaestevebarrachina\/wp-json\/wp\/v2\/posts\/2595\/revisions"}],"wp:featuredmedia":[{"embeddable":true,"href":"https:\/\/agora.xtec.cat\/escolaestevebarrachina\/wp-json\/"}],"wp:attachment":[{"href":"https:\/\/agora.xtec.cat\/escolaestevebarrachina\/wp-json\/wp\/v2\/media?parent=2595"}],"wp:term":[{"taxonomy":"category","embeddable":true,"href":"https:\/\/agora.xtec.cat\/escolaestevebarrachina\/wp-json\/wp\/v2\/categories?post=2595"},{"taxonomy":"post_tag","embeddable":true,"href":"https:\/\/agora.xtec.cat\/escolaestevebarrachina\/wp-json\/wp\/v2\/tags?post=2595"}],"curies":[{"name":"wp","href":"https:\/\/api.w.org\/{rel}","templated":true}]}}