{"id":2589,"date":"2014-04-30T23:01:26","date_gmt":"2014-04-30T21:01:26","guid":{"rendered":"https:\/\/escolaestevebarrachina.cat\/?p=2589"},"modified":"2014-04-30T23:01:26","modified_gmt":"2014-04-30T21:01:26","slug":"festa-per-una-societat-inclusiva","status":"publish","type":"post","link":"https:\/\/agora.xtec.cat\/escolaestevebarrachina\/blog\/festa-per-una-societat-inclusiva\/","title":{"rendered":"Festa per una Societat Inclusiva"},"content":{"rendered":"<h1 class=\"titol-registre\"><a href=\"https:\/\/escolaestevebarrachina.cat\/wp-content\/uploads\/2014\/04\/CARTELL-COLOR-FESTA-2014-1.jpg\"><img loading=\"lazy\" decoding=\"async\" class=\"size-full wp-image-2593 aligncenter\" alt=\"CARTELL COLOR FESTA 2014-1\" src=\"https:\/\/escolaestevebarrachina.cat\/wp-content\/uploads\/2014\/04\/CARTELL-COLOR-FESTA-2014-1.jpg\" width=\"724\" height=\"580\" \/><\/a><\/h1>\n<h1 class=\"titol-registre\">11a Festa per una Societat Inclusiva<\/h1>\n<p class=\"subtitol\">10 de maig de 2014<\/p>\n<p>La <strong><span class=\"Remarca\">Festa per una Societat Inclusiva<\/span><\/strong> \u00e9s un acte l\u00fadic i alegre a trav\u00e9s del qual volem contribuir a sensibilitzar l\u2019opini\u00f3 p\u00fablica sobre els beneficis que ens aporta a tots i totes la inclusi\u00f3 social dels infants,i joves i adults amb discapacitat apadrinada pel pallasso <strong><span class=\"Remarca\">Pep Callau<\/span><\/strong>.<\/p>\n<div>\n<div class=\"mhl\"><span style=\"text-decoration: underline;\"><strong>Programa<\/strong><\/span><\/div>\n<div class=\"mhl\">16.30 h. Cercavila des dels Jardins Gaud\u00ed (al costat de l&#8217;estaci\u00f3 de RENFE).<\/div>\n<div class=\"mhl\">17.00 h. Tallers, espais de jocs, circuit de cadires de rodes, circuit amb els ulls embenats&#8230;<\/div>\n<div class=\"mhl\">20.00 h. Festa de cloenda amb la participaci\u00f3 dels Bordegassos de Vilanova, els Castellers de les Roquetes i Falcons de Vilanova.<\/div>\n<div class=\"mhl\">\n<div class=\"mvm uiP fsm\"><\/div>\n<div class=\"text_exposed_root text_exposed\" id=\"id_52df9d393c6358d60947686\">\n<p><strong>Perqu\u00e8<\/strong> la inclusi\u00f3 social dels infants, joves i adults amb discapacitat encara est\u00e0 lluny d\u2019haver-se assolit malgrat tots els avan\u00e7os que hi ha hagut en els \u00faltims trenta anys.<\/p>\n<p><strong>Perqu\u00e8<\/strong> encara \u00e9s necessari explicar que les persones amb discapacitat s\u00f3n, abans que res, persones, ciutadans i ciutadanes amb drets i amb deures, amb capacitats i no solament discapacitats, subjectes que formen part de la<span class=\"text_exposed_show\"> societat no solament perqu\u00e8 hi s\u00f3n f\u00edsicament, sin\u00f3 perqu\u00e8 contribueixen a la seva articulaci\u00f3 i desenvolupament.<\/span><\/p>\n<p><strong>Perqu\u00e8<\/strong> en l\u2019\u00e0mbit de l\u2019educaci\u00f3, \u00e9s l\u2019\u00fanic sector d\u2019alumnes del qual encara es posa en dubte si han d\u2019accedir o no a l\u2019ensenyament ordinari, sobretot quan tenen limitacions educatives importants.<\/p>\n<p><strong>Perqu\u00e8<\/strong> encara \u00e9s molt dif\u00edcil l\u2019acc\u00e9s al mercat laboral ordinari dels joves amb discapacitat.<\/p>\n<p><strong>Perqu\u00e8<\/strong> encara hi ha molta gent que pensa que, pel seu b\u00e9, \u00e9s millor que vagin a escoles especials, centres especials de treball, a esplais i centres d\u2019esbarjo per nens, nenes i joves amb discapacitat.<\/p>\n<p><em>LA INCLUSI\u00d3 SOCIAL DELS INFANTS, JOVES I ADULTS AMB DISCAPACITAT \u00c9S UN BENEFICI PER A TOTHOM<\/em><\/p>\n<p>La nostra comarca \u00e9s rica en experi\u00e8ncies que han demostrat que la inclusi\u00f3 dels menors amb discapacitat, fins i tot amb pluridefici\u00e8ncies i un grau d\u2019afectaci\u00f3 important, en les escoles, instituts, esplais i centres d\u2019esbarjo ordinaris, aporta beneficis a tothom.<\/p>\n<p>La nostra comarca \u00e9s tamb\u00e9 rica en iniciatives d\u2019inserci\u00f3 laboral de persones amb discapacitat al mercat ordinari de treball, perqu\u00e8 no t\u00e9 cap sentit tenir una educaci\u00f3 i un lleure inclusius si l\u2019acc\u00e9s al mon del treball es fa de manera segregada a la resta de ciutadans i ciutadanes dels nostres territoris.<\/p>\n<\/div>\n<\/div>\n<\/div>\n<p class=\"etiqueta\"><strong>Lloc<\/strong><\/p>\n<p><strong>Pla\u00e7a del Mar<\/strong><\/p>\n<p class=\"etiqueta\"><strong>Horari<\/strong><\/p>\n<p><strong>17 a 21h.<\/strong><\/p>\n","protected":false},"excerpt":{"rendered":"<p>11a Festa per una Societat Inclusiva 10 de maig de 2014 La Festa per una Societat Inclusiva \u00e9s un acte l\u00fadic i alegre a trav\u00e9s del qual volem contribuir a sensibilitzar l\u2019opini\u00f3 p\u00fablica sobre els beneficis que ens aporta a tots i totes la inclusi\u00f3 social dels infants,i joves i adults amb discapacitat apadrinada pel [&hellip;]<\/p>\n","protected":false},"author":1,"featured_media":2593,"comment_status":"open","ping_status":"open","sticky":false,"template":"","format":"standard","meta":{"_bbp_topic_count":0,"_bbp_reply_count":0,"_bbp_total_topic_count":0,"_bbp_total_reply_count":0,"_bbp_voice_count":0,"_bbp_anonymous_reply_count":0,"_bbp_topic_count_hidden":0,"_bbp_reply_count_hidden":0,"_bbp_forum_subforum_count":0,"site-sidebar-layout":"default","site-content-layout":"","ast-site-content-layout":"","site-content-style":"default","site-sidebar-style":"default","ast-global-header-display":"","ast-banner-title-visibility":"","ast-main-header-display":"","ast-hfb-above-header-display":"","ast-hfb-below-header-display":"","ast-hfb-mobile-header-display":"","site-post-title":"","ast-breadcrumbs-content":"","ast-featured-img":"","footer-sml-layout":"","theme-transparent-header-meta":"","adv-header-id-meta":"","stick-header-meta":"","header-above-stick-meta":"","header-main-stick-meta":"","header-below-stick-meta":"","astra-migrate-meta-layouts":"default","ast-page-background-enabled":"default","ast-page-background-meta":{"desktop":{"background-color":"var(--ast-global-color-4)","background-image":"","background-repeat":"repeat","background-position":"center center","background-size":"auto","background-attachment":"scroll","background-type":"","background-media":"","overlay-type":"","overlay-color":"","overlay-opacity":"","overlay-gradient":""},"tablet":{"background-color":"","background-image":"","background-repeat":"repeat","background-position":"center center","background-size":"auto","background-attachment":"scroll","background-type":"","background-media":"","overlay-type":"","overlay-color":"","overlay-opacity":"","overlay-gradient":""},"mobile":{"background-color":"","background-image":"","background-repeat":"repeat","background-position":"center center","background-size":"auto","background-attachment":"scroll","background-type":"","background-media":"","overlay-type":"","overlay-color":"","overlay-opacity":"","overlay-gradient":""}},"ast-content-background-meta":{"desktop":{"background-color":"var(--ast-global-color-5)","background-image":"","background-repeat":"repeat","background-position":"center center","background-size":"auto","background-attachment":"scroll","background-type":"","background-media":"","overlay-type":"","overlay-color":"","overlay-opacity":"","overlay-gradient":""},"tablet":{"background-color":"var(--ast-global-color-5)","background-image":"","background-repeat":"repeat","background-position":"center center","background-size":"auto","background-attachment":"scroll","background-type":"","background-media":"","overlay-type":"","overlay-color":"","overlay-opacity":"","overlay-gradient":""},"mobile":{"background-color":"var(--ast-global-color-5)","background-image":"","background-repeat":"repeat","background-position":"center center","background-size":"auto","background-attachment":"scroll","background-type":"","background-media":"","overlay-type":"","overlay-color":"","overlay-opacity":"","overlay-gradient":""}},"footnotes":""},"categories":[86],"tags":[110],"class_list":["post-2589","post","type-post","status-publish","format-standard","has-post-thumbnail","hentry","category-blog","tag-festas"],"post_mailing_queue_ids":[],"_links":{"self":[{"href":"https:\/\/agora.xtec.cat\/escolaestevebarrachina\/wp-json\/wp\/v2\/posts\/2589","targetHints":{"allow":["GET"]}}],"collection":[{"href":"https:\/\/agora.xtec.cat\/escolaestevebarrachina\/wp-json\/wp\/v2\/posts"}],"about":[{"href":"https:\/\/agora.xtec.cat\/escolaestevebarrachina\/wp-json\/wp\/v2\/types\/post"}],"author":[{"embeddable":true,"href":"https:\/\/agora.xtec.cat\/escolaestevebarrachina\/wp-json\/wp\/v2\/users\/1"}],"replies":[{"embeddable":true,"href":"https:\/\/agora.xtec.cat\/escolaestevebarrachina\/wp-json\/wp\/v2\/comments?post=2589"}],"version-history":[{"count":0,"href":"https:\/\/agora.xtec.cat\/escolaestevebarrachina\/wp-json\/wp\/v2\/posts\/2589\/revisions"}],"wp:featuredmedia":[{"embeddable":true,"href":"https:\/\/agora.xtec.cat\/escolaestevebarrachina\/wp-json\/"}],"wp:attachment":[{"href":"https:\/\/agora.xtec.cat\/escolaestevebarrachina\/wp-json\/wp\/v2\/media?parent=2589"}],"wp:term":[{"taxonomy":"category","embeddable":true,"href":"https:\/\/agora.xtec.cat\/escolaestevebarrachina\/wp-json\/wp\/v2\/categories?post=2589"},{"taxonomy":"post_tag","embeddable":true,"href":"https:\/\/agora.xtec.cat\/escolaestevebarrachina\/wp-json\/wp\/v2\/tags?post=2589"}],"curies":[{"name":"wp","href":"https:\/\/api.w.org\/{rel}","templated":true}]}}