{"id":2578,"date":"2014-04-29T20:35:48","date_gmt":"2014-04-29T18:35:48","guid":{"rendered":"https:\/\/escolaestevebarrachina.cat\/?p=2578"},"modified":"2014-04-29T20:35:48","modified_gmt":"2014-04-29T18:35:48","slug":"diada-de-sant-jordi-2014","status":"publish","type":"post","link":"https:\/\/agora.xtec.cat\/escolaestevebarrachina\/blog\/diada-de-sant-jordi-2014\/","title":{"rendered":"Diada de Sant Jordi 2014"},"content":{"rendered":"<p><strong>El passat dia de Sant Jordi<\/strong> \u00a0varem realitzar\u00a0 moltes activitats per commemorar aquesta diada tan nostra.<\/p>\n<p>Durant el mat\u00ed tot l\u2019alumnat des de P3 fins a 6\u00e8 varem participar fent tallers relacionats amb Sant Jordi. Els i les mestres en formar els grups ens van barrejar de tal manera \u00a0que els m\u00e9s grans es f\u00e8iem c\u00e0rrec dels m\u00e9s petits.<\/p>\n<p>Els tallers van consistir en pintar el drac, la princesa, i Sant Jordi dibuixats en uns foto-matons;\u00a0 en l\u2019elaboraci\u00f3 d\u2019un punt de llibre; en la representaci\u00f3 de contes inventats per nosaltres ,els m\u00e9s grans i finalment\u00a0 en la realitzaci\u00f3 d\u2019una divertida Gimcana.<\/p>\n<p><a href=\"https:\/\/escolaestevebarrachina.cat\/wp-content\/uploads\/2014\/04\/Collage-SantJordi.jpg\"><img loading=\"lazy\" decoding=\"async\" class=\"alignleft size-large wp-image-2582\" alt=\"Collage SantJordi\" src=\"https:\/\/escolaestevebarrachina.cat\/wp-content\/uploads\/2014\/04\/Collage-SantJordi-1024x1024.jpg\" width=\"980\" height=\"980\" \/><\/a><\/p>\n<p>Va ser una gran experi\u00e8ncia. Els m\u00e9s grans hav\u00edem d\u2019anar a buscar i \u00a0tornar els m\u00e9s petits a les seves aules. Durant la realitzaci\u00f3 dels tallers en ten\u00edem cura: algun d\u2019ells ens plorava i nosaltres abra\u00e7\u00e0vem i acaron\u00e0vem,\u00a0 d\u2019altres no ens obe\u00efen gaire.<\/p>\n<p><a href=\"https:\/\/escolaestevebarrachina.cat\/wp-content\/uploads\/2014\/04\/IMG_5011.jpg\"><img loading=\"lazy\" decoding=\"async\" class=\"alignleft size-large wp-image-2581\" alt=\"IMG_5011\" src=\"https:\/\/escolaestevebarrachina.cat\/wp-content\/uploads\/2014\/04\/IMG_5011-683x1024.jpg\" width=\"683\" height=\"1024\" \/><\/a><\/p>\n<p>Per esmorzar, les cuineres ens van fer una xocolata bon\u00ediiiiiisima, mmmmm, qu\u00e8 bona!!!<\/p>\n<p>Per la tarda cada cicle va continuar fent activitats diverses. \u00a0Sant Jordi i la Princesa van visitar als m\u00e9s xics i els van oferir un lot de llibres. Al cicle mitj\u00e0 van compartir llibres i nosaltres varem acompanyar l\u2019alumnat de primer a visitar la Fira del Llibre, a baix al passeig.<\/p>\n<p><a href=\"https:\/\/escolaestevebarrachina.cat\/wp-content\/uploads\/2014\/04\/2014-04-23-15.55.57.jpg\"><img loading=\"lazy\" decoding=\"async\" class=\"alignleft size-large wp-image-2584\" alt=\"2014-04-23 15.55.57\" src=\"https:\/\/escolaestevebarrachina.cat\/wp-content\/uploads\/2014\/04\/2014-04-23-15.55.57-1024x768.jpg\" width=\"980\" height=\"735\" \/><\/a><\/p>\n<p>Pr\u00e8viament abans del \u00a0dia de la festa tots els nens i nenes varem elaborar textos literaris que hem exposat pels passadissos del centre.<\/p>\n<p>&nbsp;<\/p>\n","protected":false},"excerpt":{"rendered":"<p>El passat dia de Sant Jordi \u00a0varem realitzar\u00a0 moltes activitats per commemorar aquesta diada tan nostra.<br \/>\nDurant el mat\u00ed tot l\u2019alumnat des de P3 fins a 6\u00e8 varem participar fent tallers relacionats amb Sant Jordi. Els i les mestres en formar els grups ens van barrejar&hellip;  <a href=\"https:\/\/agora.xtec.cat\/escolaestevebarrachina\/blog\/diada-de-sant-jordi-2014\/\" title=\"Read Diada de Sant Jordi 2014\">Llegeix m\u00e9s\u00bb<\/a><\/p>\n","protected":false},"author":1,"featured_media":2580,"comment_status":"open","ping_status":"open","sticky":false,"template":"","format":"standard","meta":{"_bbp_topic_count":0,"_bbp_reply_count":0,"_bbp_total_topic_count":0,"_bbp_total_reply_count":0,"_bbp_voice_count":0,"_bbp_anonymous_reply_count":0,"_bbp_topic_count_hidden":0,"_bbp_reply_count_hidden":0,"_bbp_forum_subforum_count":0,"footnotes":""},"categories":[86],"tags":[115],"class_list":["post-2578","post","type-post","status-publish","format-standard","has-post-thumbnail","hentry","category-blog","tag-sant-jordi-2014"],"post_mailing_queue_ids":[],"_links":{"self":[{"href":"https:\/\/agora.xtec.cat\/escolaestevebarrachina\/wp-json\/wp\/v2\/posts\/2578","targetHints":{"allow":["GET"]}}],"collection":[{"href":"https:\/\/agora.xtec.cat\/escolaestevebarrachina\/wp-json\/wp\/v2\/posts"}],"about":[{"href":"https:\/\/agora.xtec.cat\/escolaestevebarrachina\/wp-json\/wp\/v2\/types\/post"}],"author":[{"embeddable":true,"href":"https:\/\/agora.xtec.cat\/escolaestevebarrachina\/wp-json\/wp\/v2\/users\/1"}],"replies":[{"embeddable":true,"href":"https:\/\/agora.xtec.cat\/escolaestevebarrachina\/wp-json\/wp\/v2\/comments?post=2578"}],"version-history":[{"count":0,"href":"https:\/\/agora.xtec.cat\/escolaestevebarrachina\/wp-json\/wp\/v2\/posts\/2578\/revisions"}],"wp:featuredmedia":[{"embeddable":true,"href":"https:\/\/agora.xtec.cat\/escolaestevebarrachina\/wp-json\/"}],"wp:attachment":[{"href":"https:\/\/agora.xtec.cat\/escolaestevebarrachina\/wp-json\/wp\/v2\/media?parent=2578"}],"wp:term":[{"taxonomy":"category","embeddable":true,"href":"https:\/\/agora.xtec.cat\/escolaestevebarrachina\/wp-json\/wp\/v2\/categories?post=2578"},{"taxonomy":"post_tag","embeddable":true,"href":"https:\/\/agora.xtec.cat\/escolaestevebarrachina\/wp-json\/wp\/v2\/tags?post=2578"}],"curies":[{"name":"wp","href":"https:\/\/api.w.org\/{rel}","templated":true}]}}