{"id":2529,"date":"2014-03-13T14:57:28","date_gmt":"2014-03-13T13:57:28","guid":{"rendered":"https:\/\/escolaestevebarrachina.cat\/?p=2529"},"modified":"2014-03-13T14:57:28","modified_gmt":"2014-03-13T13:57:28","slug":"el-dia-de-les-portes-obertes","status":"publish","type":"post","link":"https:\/\/agora.xtec.cat\/escolaestevebarrachina\/activitats-del-centre\/el-dia-de-les-portes-obertes\/","title":{"rendered":"El dia de les portes obertes"},"content":{"rendered":"<p><strong>Un sol radiant\u2026.<\/strong>els nens voluntaris de sis\u00e8 rebent les \u00faltimes orientacions\u00a0 per a la seva funci\u00f3 com a guies per a les noves fam\u00edlies que visitaven l\u2019escola avui\u2026mares de l\u2019AMPA tallant coca, la Dolors de T\u00e0ndem i els seus treballadors ultimant la xocolata, en Xavi col.locant a lloc l\u2019equip de m\u00fasica, la N\u00faria coordinant les seves alumnes, la Nat\u00e0lia (de la nova extraescolar: Recicla i Crea) i l\u2019Eli del JumpingClay preparant al menjador el seus tallers\u2026 ja a les 10:30 del mati l&#8217; escola era una bullici de gent i d\u2019activitat fren\u00e8tica\u2026<\/p>\n<p>La resta del mat\u00ed ha estat tot una festa per a tots i totes:<\/p>\n<p>Els voluntaris de sis\u00e8 anaven i venien amb les fam\u00edlies noves explicant i ensenyant els racons de l&#8217;escola.L\u00b4exhibici\u00f3 de batuka i minibatuka GENIAL, com sempre.L\u2019extraescolar de viol\u00ed presentava la seva primera interpretaci\u00f3 en p\u00fablic,\u00a0 xul\u00edssima\u2026impressionant.<\/p>\n<p>Els tallers al menjador tot un \u00e8xit: Tothom ( fins i tot alguna mare\u2026) que ha volgut, ha pogut fer el punt de llibre de la Marieta, pintar amb la N\u00faria Corretg\u00e9 o fer la floreta de roba amb la Nat\u00e0lia Sogas.<\/p>\n<p>La xocolata i la coca delicioses\u2026 fins a tal punt que no n\u00b4ha quedat gens\u2026<\/p>\n<p>&nbsp;<\/p>\n","protected":false},"excerpt":{"rendered":"<p>Un sol radiant\u2026.els nens voluntaris de sis\u00e8 rebent les \u00faltimes orientacions\u00a0 per a la seva funci\u00f3 com a guies per a les noves fam\u00edlies que visitaven l\u2019escola avui\u2026mares de l\u2019AMPA tallant coca, la Dolors de T\u00e0ndem i els seus treballadors ultimant la xocolata, en Xavi&hellip;  <a href=\"https:\/\/agora.xtec.cat\/escolaestevebarrachina\/activitats-del-centre\/el-dia-de-les-portes-obertes\/\" title=\"Read El dia de les portes obertes\">Llegeix m\u00e9s\u00bb<\/a><\/p>\n","protected":false},"author":1,"featured_media":2532,"comment_status":"open","ping_status":"open","sticky":false,"template":"","format":"standard","meta":{"_bbp_topic_count":0,"_bbp_reply_count":0,"_bbp_total_topic_count":0,"_bbp_total_reply_count":0,"_bbp_voice_count":0,"_bbp_anonymous_reply_count":0,"_bbp_topic_count_hidden":0,"_bbp_reply_count_hidden":0,"_bbp_forum_subforum_count":0,"footnotes":""},"categories":[84,86],"tags":[],"class_list":["post-2529","post","type-post","status-publish","format-standard","has-post-thumbnail","hentry","category-activitats-del-centre","category-blog"],"post_mailing_queue_ids":[],"_links":{"self":[{"href":"https:\/\/agora.xtec.cat\/escolaestevebarrachina\/wp-json\/wp\/v2\/posts\/2529","targetHints":{"allow":["GET"]}}],"collection":[{"href":"https:\/\/agora.xtec.cat\/escolaestevebarrachina\/wp-json\/wp\/v2\/posts"}],"about":[{"href":"https:\/\/agora.xtec.cat\/escolaestevebarrachina\/wp-json\/wp\/v2\/types\/post"}],"author":[{"embeddable":true,"href":"https:\/\/agora.xtec.cat\/escolaestevebarrachina\/wp-json\/wp\/v2\/users\/1"}],"replies":[{"embeddable":true,"href":"https:\/\/agora.xtec.cat\/escolaestevebarrachina\/wp-json\/wp\/v2\/comments?post=2529"}],"version-history":[{"count":0,"href":"https:\/\/agora.xtec.cat\/escolaestevebarrachina\/wp-json\/wp\/v2\/posts\/2529\/revisions"}],"wp:featuredmedia":[{"embeddable":true,"href":"https:\/\/agora.xtec.cat\/escolaestevebarrachina\/wp-json\/"}],"wp:attachment":[{"href":"https:\/\/agora.xtec.cat\/escolaestevebarrachina\/wp-json\/wp\/v2\/media?parent=2529"}],"wp:term":[{"taxonomy":"category","embeddable":true,"href":"https:\/\/agora.xtec.cat\/escolaestevebarrachina\/wp-json\/wp\/v2\/categories?post=2529"},{"taxonomy":"post_tag","embeddable":true,"href":"https:\/\/agora.xtec.cat\/escolaestevebarrachina\/wp-json\/wp\/v2\/tags?post=2529"}],"curies":[{"name":"wp","href":"https:\/\/api.w.org\/{rel}","templated":true}]}}