{"id":2523,"date":"2014-03-06T11:42:24","date_gmt":"2014-03-06T10:42:24","guid":{"rendered":"https:\/\/escolaestevebarrachina.cat\/?p=2523"},"modified":"2014-03-06T11:42:24","modified_gmt":"2014-03-06T10:42:24","slug":"xerrada-el-pas-de-primaria-secundaria","status":"publish","type":"post","link":"https:\/\/agora.xtec.cat\/escolaestevebarrachina\/blog\/xerrada-el-pas-de-primaria-secundaria\/","title":{"rendered":"Xerrada: El pas de prim\u00e0ria a secund\u00e0ria"},"content":{"rendered":"<p>La finalitat d\u2019aquesta xerrada ser\u00e0 descobrir els principals canvis que es produeixen entre les dues etapes, afavorint el coneixement i funcionament de l\u2019ESO, per tal que les fam\u00edlies obtinguin eines per donar suport als fills i filles en aquest canvi. Adre\u00e7ada a pares i mares amb fills i filles a 5\u00e8 i 6\u00e8 de prim\u00e0ria i a qualsevol altra persona interessada en la tem\u00e0tica.<\/p>\n<h5 style=\"font-size: 12px;\"><strong>Data: <span style=\"text-decoration: underline;\">dijous 6 de mar\u00e7 de 2014<\/span><\/strong><\/h5>\n<p style=\"font-size: 12px;\"><strong style=\"font-size: 1em; line-height: 1.4em; color: #333333;\">Lloc:\u00a0<\/strong><span style=\"font-size: 1em; line-height: 1.4em; color: #333333;\">IMET. c. Uni\u00f3 81, Vilanova i la Geltr\u00fa.<\/span><\/p>\n<p style=\"font-size: 12px;\"><strong style=\"font-size: 1em; line-height: 1.4em; color: #333333;\">Introducci\u00f3<\/strong><\/p>\n<p style=\"font-size: 12px;\"><strong style=\"font-size: 1em; line-height: 1.4em; color: #333333;\"><\/strong>Parlarem dels principals canvis que es produeixen entre les dues etapes, afavorint el coneixement i funcionament de l&#8217;ESO, per tal que les fam\u00edlies obtinguin eines per donar suport als fills i filles en aquest canvi.<\/p>\n<p style=\"font-size: 12px;\"><span style=\"font-size: 1em; line-height: 1.4em; text-align: justify; color: #333333;\"><strong>Continguts<\/strong><\/span><\/p>\n<div style=\"font-size: 12px;\">\n<p style=\"font-size: 12px;\">&#8211; Presentaci\u00f3. (A c\u00e0rrec d&#8217;Ariadna Llorens i Garcia, Primera tinenta d&#8217;Alcaldia i Regidora D&#8217;Educaci\u00f3, Ocupaci\u00f3, Tecnologies i Societat de la Informaci\u00f3).<\/p>\n<p style=\"font-size: 12px;\">&#8211; Estructura del sistema educatiu.<\/p>\n<p style=\"font-size: 12px;\">&#8211; Marc curricular establert pel departament d&#8217;ensenyament a l&#8217;ESO.<\/p>\n<p style=\"font-size: 12px;\">&#8211; Funcionament de l&#8217;institut: procediments de comunicaci\u00f3, nombre de professors, cr\u00e8dits variables i comuns, assignatures i sistema d&#8217;avaluaci\u00f3, adaptacions curriculars, mesures d&#8217;atenci\u00f3 a la diversitat.<\/p>\n<p style=\"font-size: 12px;\">&#8211; Principals canvis que es produeixen entre les dues etapes: centre, ambient, el professorat, altres&#8230;<\/p>\n<p style=\"font-size: 12px;\">&#8211; Qu\u00e8 implica els pas de l&#8217;escola a l&#8217;institut?<\/p>\n<p style=\"font-size: 12px;\">&#8211; Consells per afrontar la nova etapa amb \u00e8xit.<\/p>\n<p style=\"font-size: 12px;\">&#8211; Torn obert de preguntes.<\/p>\n<p style=\"font-size: 12px;\"><strong>Metodologia<\/strong><\/p>\n<p style=\"font-size: 12px;\">Els ponents exposaran els punts indicats en l&#8217;apartat de continguts i despr\u00e9s s&#8217;obrir\u00e0 un torn obert de preguntes.<\/p>\n<p style=\"font-size: 12px;\">L&#8217;acte anir\u00e0 a c\u00e0rrec de Susanna Igual, directora de l&#8217;institut Francesc Xavier Lluch i Rafecas, D\u00eddac Contreras, t\u00e8cnic de Joventut de l&#8217;Ajuntament de Vilanova i la Geltr\u00fa i amb la participaci\u00f3 de la FAPAC (Federaci\u00f3 d&#8217;Associacions de Pares i Mares d&#8217;Alumnes de Catalunya).<\/p>\n<p style=\"font-size: 12px;\"><strong>Durada<\/strong><\/p>\n<p style=\"font-size: 12px;\">De 17.30 a 19.00 hores. 1 hora i 30 minuts (aprox.)<\/p>\n<p style=\"font-size: 12px;\"><strong>Destinataris<\/strong><\/p>\n<p style=\"font-size: 12px;\">Pares, mares amb fills i filles a 5\u00e8 i 6\u00e8 de prim\u00e0ria i a qualsevol altra persona interessada en la tem\u00e0tica.<\/p>\n<p style=\"font-size: 12px;\"><strong style=\"font-size: 1em; line-height: 1.4em; color: #333333;\">Altres<\/strong><\/p>\n<p style=\"font-size: 12px;\"><strong>Inscripci\u00f3 gratu\u00efta<\/strong><\/p>\n<p style=\"font-size: 12px;\"><a title=\"formularieducacio\" href=\"http:\/\/www.imet.cat\/index.php?page=formulari-d-inscripcio\">Omplint aquest formulari.<\/a><\/p>\n<p style=\"font-size: 12px;\">O b\u00e9 trucant al 938140440, preguntar per Cristina Lorente o b\u00e9 per mail clorente@imet.cat<\/p>\n<\/div>\n","protected":false},"excerpt":{"rendered":"<p>La finalitat d\u2019aquesta xerrada ser\u00e0 descobrir els principals canvis que es produeixen entre les dues etapes, afavorint el coneixement i funcionament de l\u2019ESO, per tal que les fam\u00edlies obtinguin eines per donar suport als fills i filles en aquest canvi. Adre\u00e7ada a pares i mares&hellip;  <a href=\"https:\/\/agora.xtec.cat\/escolaestevebarrachina\/blog\/xerrada-el-pas-de-primaria-secundaria\/\" title=\"Read Xerrada: El pas de prim\u00e0ria a secund\u00e0ria\">Llegeix m\u00e9s\u00bb<\/a><\/p>\n","protected":false},"author":1,"featured_media":2525,"comment_status":"open","ping_status":"open","sticky":false,"template":"","format":"standard","meta":{"_bbp_topic_count":0,"_bbp_reply_count":0,"_bbp_total_topic_count":0,"_bbp_total_reply_count":0,"_bbp_voice_count":0,"_bbp_anonymous_reply_count":0,"_bbp_topic_count_hidden":0,"_bbp_reply_count_hidden":0,"_bbp_forum_subforum_count":0,"footnotes":""},"categories":[86,108],"tags":[111],"class_list":["post-2523","post","type-post","status-publish","format-standard","has-post-thumbnail","hentry","category-blog","category-educatives","tag-xerrades"],"post_mailing_queue_ids":[],"_links":{"self":[{"href":"https:\/\/agora.xtec.cat\/escolaestevebarrachina\/wp-json\/wp\/v2\/posts\/2523","targetHints":{"allow":["GET"]}}],"collection":[{"href":"https:\/\/agora.xtec.cat\/escolaestevebarrachina\/wp-json\/wp\/v2\/posts"}],"about":[{"href":"https:\/\/agora.xtec.cat\/escolaestevebarrachina\/wp-json\/wp\/v2\/types\/post"}],"author":[{"embeddable":true,"href":"https:\/\/agora.xtec.cat\/escolaestevebarrachina\/wp-json\/wp\/v2\/users\/1"}],"replies":[{"embeddable":true,"href":"https:\/\/agora.xtec.cat\/escolaestevebarrachina\/wp-json\/wp\/v2\/comments?post=2523"}],"version-history":[{"count":0,"href":"https:\/\/agora.xtec.cat\/escolaestevebarrachina\/wp-json\/wp\/v2\/posts\/2523\/revisions"}],"wp:featuredmedia":[{"embeddable":true,"href":"https:\/\/agora.xtec.cat\/escolaestevebarrachina\/wp-json\/"}],"wp:attachment":[{"href":"https:\/\/agora.xtec.cat\/escolaestevebarrachina\/wp-json\/wp\/v2\/media?parent=2523"}],"wp:term":[{"taxonomy":"category","embeddable":true,"href":"https:\/\/agora.xtec.cat\/escolaestevebarrachina\/wp-json\/wp\/v2\/categories?post=2523"},{"taxonomy":"post_tag","embeddable":true,"href":"https:\/\/agora.xtec.cat\/escolaestevebarrachina\/wp-json\/wp\/v2\/tags?post=2523"}],"curies":[{"name":"wp","href":"https:\/\/api.w.org\/{rel}","templated":true}]}}