{"id":2372,"date":"2014-02-04T13:07:11","date_gmt":"2014-02-04T12:07:11","guid":{"rendered":"https:\/\/escolaestevebarrachina.cat\/?p=2372"},"modified":"2014-02-04T13:07:11","modified_gmt":"2014-02-04T12:07:11","slug":"hort-de-gener","status":"publish","type":"post","link":"https:\/\/agora.xtec.cat\/escolaestevebarrachina\/educatives\/hort-de-gener\/","title":{"rendered":"HORT DE GENER"},"content":{"rendered":"<p>Durant les vacances de Nadal l\u2019hort ha sofert alguns danys i ens hem afanyat a recomposar-lo: hem tornat a posar algunes canyes de les pesoleres que havien caigut, hem recol\u00b7locat la malla antiherbes que havia quedat aixecada, hem tret males herbes, hem tornat a plantar els cartells, i hem lligat els enciams romans perqu\u00e8 ja han crescut for\u00e7a i comen\u00e7aven a obrir-se.<\/p>\n<p><a href=\"https:\/\/escolaestevebarrachina.cat\/wp-content\/uploads\/2014\/02\/P1100086.jpg\"><img loading=\"lazy\" decoding=\"async\" class=\"aligncenter size-full wp-image-2374\" alt=\"OLYMPUS DIGITAL CAMERA\" src=\"https:\/\/escolaestevebarrachina.cat\/wp-content\/uploads\/2014\/02\/P1100086.jpg\" width=\"640\" height=\"480\" \/><\/a><\/p>\n<p><a href=\"https:\/\/escolaestevebarrachina.cat\/wp-content\/uploads\/2014\/02\/P1100085.jpg\"><img loading=\"lazy\" decoding=\"async\" class=\"aligncenter size-full wp-image-2373\" alt=\"OLYMPUS DIGITAL CAMERA\" src=\"https:\/\/escolaestevebarrachina.cat\/wp-content\/uploads\/2014\/02\/P1100085.jpg\" width=\"480\" height=\"640\" \/><\/a><\/p>\n<p>Tamb\u00e9 hem comen\u00e7at a remenar una mica la terra que es va compactant i no deixa respirar prou b\u00e9 les arrels de les plantes. Aquesta \u00e9s una feina que caldr\u00e0 acabar en les properes sessions, alhora que es van cal\u00e7ant millor els enciams.<\/p>\n<p>Les cols i les bledes sembla que funcionaran for\u00e7a b\u00e9, per\u00f2 els espinacs caldr\u00e0 collir-los de seguida perqu\u00e8, tot i ser petits, comencen a espigar-se. Els ha faltat sol.<\/p>\n<p>&nbsp;<\/p>\n<p><a href=\"https:\/\/escolaestevebarrachina.cat\/wp-content\/uploads\/2014\/02\/P1100089.jpg\"><img loading=\"lazy\" decoding=\"async\" class=\"aligncenter size-full wp-image-2376\" alt=\"OLYMPUS DIGITAL CAMERA\" src=\"https:\/\/escolaestevebarrachina.cat\/wp-content\/uploads\/2014\/02\/P1100089.jpg\" width=\"480\" height=\"640\" \/><\/a><\/p>\n<p><a href=\"https:\/\/escolaestevebarrachina.cat\/wp-content\/uploads\/2014\/02\/P1100087.jpg\"><img loading=\"lazy\" decoding=\"async\" class=\"aligncenter size-full wp-image-2375\" alt=\"OLYMPUS DIGITAL CAMERA\" src=\"https:\/\/escolaestevebarrachina.cat\/wp-content\/uploads\/2014\/02\/P1100087.jpg\" width=\"480\" height=\"640\" \/><\/a><\/p>\n","protected":false},"excerpt":{"rendered":"<p>Durant les vacances de Nadal l\u2019hort ha sofert alguns danys i ens hem afanyat a recomposar-lo: hem tornat a posar algunes canyes de les pesoleres que havien caigut, hem recol\u00b7locat la malla antiherbes que havia quedat aixecada, hem tret males herbes, hem tornat a plantar&hellip;  <a href=\"https:\/\/agora.xtec.cat\/escolaestevebarrachina\/educatives\/hort-de-gener\/\" title=\"Read HORT DE GENER\">Llegeix m\u00e9s\u00bb<\/a><\/p>\n","protected":false},"author":1,"featured_media":2292,"comment_status":"open","ping_status":"open","sticky":false,"template":"","format":"standard","meta":{"_bbp_topic_count":0,"_bbp_reply_count":0,"_bbp_total_topic_count":0,"_bbp_total_reply_count":0,"_bbp_voice_count":0,"_bbp_anonymous_reply_count":0,"_bbp_topic_count_hidden":0,"_bbp_reply_count_hidden":0,"_bbp_forum_subforum_count":0,"footnotes":""},"categories":[108],"tags":[],"class_list":["post-2372","post","type-post","status-publish","format-standard","has-post-thumbnail","hentry","category-educatives"],"post_mailing_queue_ids":[],"_links":{"self":[{"href":"https:\/\/agora.xtec.cat\/escolaestevebarrachina\/wp-json\/wp\/v2\/posts\/2372","targetHints":{"allow":["GET"]}}],"collection":[{"href":"https:\/\/agora.xtec.cat\/escolaestevebarrachina\/wp-json\/wp\/v2\/posts"}],"about":[{"href":"https:\/\/agora.xtec.cat\/escolaestevebarrachina\/wp-json\/wp\/v2\/types\/post"}],"author":[{"embeddable":true,"href":"https:\/\/agora.xtec.cat\/escolaestevebarrachina\/wp-json\/wp\/v2\/users\/1"}],"replies":[{"embeddable":true,"href":"https:\/\/agora.xtec.cat\/escolaestevebarrachina\/wp-json\/wp\/v2\/comments?post=2372"}],"version-history":[{"count":0,"href":"https:\/\/agora.xtec.cat\/escolaestevebarrachina\/wp-json\/wp\/v2\/posts\/2372\/revisions"}],"wp:featuredmedia":[{"embeddable":true,"href":"https:\/\/agora.xtec.cat\/escolaestevebarrachina\/wp-json\/"}],"wp:attachment":[{"href":"https:\/\/agora.xtec.cat\/escolaestevebarrachina\/wp-json\/wp\/v2\/media?parent=2372"}],"wp:term":[{"taxonomy":"category","embeddable":true,"href":"https:\/\/agora.xtec.cat\/escolaestevebarrachina\/wp-json\/wp\/v2\/categories?post=2372"},{"taxonomy":"post_tag","embeddable":true,"href":"https:\/\/agora.xtec.cat\/escolaestevebarrachina\/wp-json\/wp\/v2\/tags?post=2372"}],"curies":[{"name":"wp","href":"https:\/\/api.w.org\/{rel}","templated":true}]}}