{"id":2361,"date":"2014-01-16T23:59:17","date_gmt":"2014-01-16T22:59:17","guid":{"rendered":"https:\/\/escolaestevebarrachina.cat\/?p=2361"},"modified":"2014-01-16T23:59:17","modified_gmt":"2014-01-16T22:59:17","slug":"festa-de-fi-de-trimestre","status":"publish","type":"post","link":"https:\/\/agora.xtec.cat\/escolaestevebarrachina\/activitats-del-centre\/festa-de-fi-de-trimestre\/","title":{"rendered":"Festa de fi de trimestre"},"content":{"rendered":"<p><a href=\"https:\/\/escolaestevebarrachina.cat\/wp-content\/uploads\/2014\/01\/y-101.jpg\"><img loading=\"lazy\" decoding=\"async\" class=\"aligncenter size-full wp-image-2363\" alt=\"y-101\" src=\"https:\/\/escolaestevebarrachina.cat\/wp-content\/uploads\/2014\/01\/y-101.jpg\" width=\"642\" height=\"428\" \/><\/a><\/p>\n<p><strong>El passat 20 de desembre,<\/strong> varem celebrar al Teatre Prado, la festa de fi de trimestre amb una excel\u00b7lent CANTADA, on tot l&#8217;alumnat, des dels m\u00e9s grans fins als m\u00e9s petits, hi participaren amb molta il\u00b7lusi\u00f3. Varem tenir la sort de comptar amb col\u00b7laboraci\u00f3 dels professors de l\u2019escola municipal de m\u00fasica Montserrat Almirall de Sitges que van acompanyar musicalment les nostres can\u00e7ons.<\/p>\n<p>El programa d&#8217;actuacions fou el seg\u00fcent:<\/p>\n<p>P3 can\u00e7\u00f3 \u201cLa bicicleta de Nadal\u201d i el poema \u201cAlegra\u2019t panxeta\u201d<\/p>\n<p>P4 can\u00e7\u00f3 \u201cEl ninot de neu\u201d i el poema \u201c El Nadal ja ha arribat\u201d.<\/p>\n<p>P5 can\u00e7ons \u201cEl trineu\u201d i \u201cRudolf\u201d i el poema \u201cJo tinc un pessebre\u201d<\/p>\n<p>1r can\u00e7\u00f3 \u201cL&#8217;hivern\u201d i el poema: \u201cDesembre\u201d<\/p>\n<p>2n can\u00e7\u00f3 \u201cEl pobret alegre\u201d i el poema \u201cLes figures del pessebre\u201d<\/p>\n<p>3r can\u00e7\u00f3 \u201cL\u2019\u00e0ngel i els pastors\u201d i can\u00e7\u00f3 en angl\u00e8s \u201cHello!\u201d<\/p>\n<p>4t can\u00e7\u00f3 \u201cEl Rabad\u00e0\u201d i can\u00e7\u00f3 en angl\u00e8s \u201cJingle Bells\u201d<\/p>\n<p>5\u00e8 \u201cL\u2019himne a l\u2019alegria\u201c amb flauta , can\u00e7\u00f3 \u201cEl dimoni escuat\u201d i can\u00e7\u00f3 en angl\u00e8s \u201cSanta Claus is coming to town\u201d.<\/p>\n<p>6\u00e8 \u201cJingle bells\u201d amb flauta, can\u00e7\u00f3 \u201cLa pastora Caterina\u201d i can\u00e7\u00f3 en angl\u00e8s \u201cMerry Christmas\u201d.<\/p>\n<p><strong>\u00a0Ja tenim les fotos de la CANTADA!!!. Qui estigui interessat pot passar per la sala de l&#8217;AMPA, els dimecres del mes de gener, de 9h a 11h.<\/strong><\/p>\n<p>&nbsp;<\/p>\n<p><a href=\"https:\/\/escolaestevebarrachina.cat\/wp-content\/uploads\/2014\/01\/y-102.jpg\"><img loading=\"lazy\" decoding=\"async\" class=\"aligncenter size-full wp-image-2362\" alt=\"y-102\" src=\"https:\/\/escolaestevebarrachina.cat\/wp-content\/uploads\/2014\/01\/y-102.jpg\" width=\"642\" height=\"428\" \/><\/a><\/p>\n<p>&nbsp;<\/p>\n<p>&nbsp;<\/p>\n<p>&nbsp;<\/p>\n<p>&nbsp;<\/p>\n","protected":false},"excerpt":{"rendered":"<p><a href=\"https:\/\/escolaestevebarrachina.cat\/wp-content\/uploads\/2014\/01\/y-101.jpg\"><\/a><br \/>\nEl passat 20 de desembre, varem celebrar al Teatre Prado, la festa de fi de trimestre amb una excel\u00b7lent CANTADA, on tot l&#8217;alumnat, des dels m\u00e9s grans fins als m\u00e9s petits, hi participaren amb molta il\u00b7lusi\u00f3. Varem tenir la sort de comptar amb col\u00b7laboraci\u00f3&hellip;  <a href=\"https:\/\/agora.xtec.cat\/escolaestevebarrachina\/activitats-del-centre\/festa-de-fi-de-trimestre\/\" title=\"Read Festa de fi de trimestre\">Llegeix m\u00e9s\u00bb<\/a><\/p>\n","protected":false},"author":1,"featured_media":2363,"comment_status":"open","ping_status":"open","sticky":false,"template":"","format":"standard","meta":{"_bbp_topic_count":0,"_bbp_reply_count":0,"_bbp_total_topic_count":0,"_bbp_total_reply_count":0,"_bbp_voice_count":0,"_bbp_anonymous_reply_count":0,"_bbp_topic_count_hidden":0,"_bbp_reply_count_hidden":0,"_bbp_forum_subforum_count":0,"footnotes":""},"categories":[84,86],"tags":[110],"class_list":["post-2361","post","type-post","status-publish","format-standard","has-post-thumbnail","hentry","category-activitats-del-centre","category-blog","tag-festas"],"post_mailing_queue_ids":[],"_links":{"self":[{"href":"https:\/\/agora.xtec.cat\/escolaestevebarrachina\/wp-json\/wp\/v2\/posts\/2361","targetHints":{"allow":["GET"]}}],"collection":[{"href":"https:\/\/agora.xtec.cat\/escolaestevebarrachina\/wp-json\/wp\/v2\/posts"}],"about":[{"href":"https:\/\/agora.xtec.cat\/escolaestevebarrachina\/wp-json\/wp\/v2\/types\/post"}],"author":[{"embeddable":true,"href":"https:\/\/agora.xtec.cat\/escolaestevebarrachina\/wp-json\/wp\/v2\/users\/1"}],"replies":[{"embeddable":true,"href":"https:\/\/agora.xtec.cat\/escolaestevebarrachina\/wp-json\/wp\/v2\/comments?post=2361"}],"version-history":[{"count":0,"href":"https:\/\/agora.xtec.cat\/escolaestevebarrachina\/wp-json\/wp\/v2\/posts\/2361\/revisions"}],"wp:featuredmedia":[{"embeddable":true,"href":"https:\/\/agora.xtec.cat\/escolaestevebarrachina\/wp-json\/"}],"wp:attachment":[{"href":"https:\/\/agora.xtec.cat\/escolaestevebarrachina\/wp-json\/wp\/v2\/media?parent=2361"}],"wp:term":[{"taxonomy":"category","embeddable":true,"href":"https:\/\/agora.xtec.cat\/escolaestevebarrachina\/wp-json\/wp\/v2\/categories?post=2361"},{"taxonomy":"post_tag","embeddable":true,"href":"https:\/\/agora.xtec.cat\/escolaestevebarrachina\/wp-json\/wp\/v2\/tags?post=2361"}],"curies":[{"name":"wp","href":"https:\/\/api.w.org\/{rel}","templated":true}]}}