{"id":2334,"date":"2013-12-11T18:03:38","date_gmt":"2013-12-11T17:03:38","guid":{"rendered":"https:\/\/escolaestevebarrachina.cat\/?p=2334"},"modified":"2013-12-11T18:03:38","modified_gmt":"2013-12-11T17:03:38","slug":"a-lescola-vine-amb-carmanyola","status":"publish","type":"post","link":"https:\/\/agora.xtec.cat\/escolaestevebarrachina\/blog\/a-lescola-vine-amb-carmanyola\/","title":{"rendered":"A l\u2019escola vine amb carmanyola!!"},"content":{"rendered":"<p><strong>Recordant l\u2019estudi realitzat,<\/strong> ara fa uns anys per l\u2019alumnat de primer i sis\u00e8, presentat al Congres de Ci\u00e8ncies de Vilanova i la Geltr\u00fa, sobre els embolcalls d\u2019alumini i la seva repercussi\u00f3 a la natura, a l\u2019escola estem fomentant l\u2019\u00fas de la carmanyola, per tal d\u2019educar el nostre alumnat a REDUIR, RECICLAR i REUTILITZAR<\/p>\n<h5>A l\u2019escola que el vostre fill\/a vingui amb carmanyola!!!<\/h5>\n<p>&nbsp;<\/p>\n","protected":false},"excerpt":{"rendered":"<p>Recordant l\u2019estudi realitzat, ara fa uns anys per l\u2019alumnat de primer i sis\u00e8, presentat al Congres de Ci\u00e8ncies de Vilanova i la Geltr\u00fa, sobre els embolcalls d\u2019alumini i la seva repercussi\u00f3 a la natura, a l\u2019escola estem fomentant l\u2019\u00fas de la carmanyola, per tal d\u2019educar&hellip;  <a href=\"https:\/\/agora.xtec.cat\/escolaestevebarrachina\/blog\/a-lescola-vine-amb-carmanyola\/\" title=\"Read A l\u2019escola vine amb carmanyola!!\">Llegeix m\u00e9s\u00bb<\/a><\/p>\n","protected":false},"author":1,"featured_media":2338,"comment_status":"open","ping_status":"open","sticky":false,"template":"","format":"standard","meta":{"_bbp_topic_count":0,"_bbp_reply_count":0,"_bbp_total_topic_count":0,"_bbp_total_reply_count":0,"_bbp_voice_count":0,"_bbp_anonymous_reply_count":0,"_bbp_topic_count_hidden":0,"_bbp_reply_count_hidden":0,"_bbp_forum_subforum_count":0,"footnotes":""},"categories":[86,91,94],"tags":[],"class_list":["post-2334","post","type-post","status-publish","format-standard","has-post-thumbnail","hentry","category-blog","category-circulars","category-informacions-del-centre"],"post_mailing_queue_ids":[],"_links":{"self":[{"href":"https:\/\/agora.xtec.cat\/escolaestevebarrachina\/wp-json\/wp\/v2\/posts\/2334","targetHints":{"allow":["GET"]}}],"collection":[{"href":"https:\/\/agora.xtec.cat\/escolaestevebarrachina\/wp-json\/wp\/v2\/posts"}],"about":[{"href":"https:\/\/agora.xtec.cat\/escolaestevebarrachina\/wp-json\/wp\/v2\/types\/post"}],"author":[{"embeddable":true,"href":"https:\/\/agora.xtec.cat\/escolaestevebarrachina\/wp-json\/wp\/v2\/users\/1"}],"replies":[{"embeddable":true,"href":"https:\/\/agora.xtec.cat\/escolaestevebarrachina\/wp-json\/wp\/v2\/comments?post=2334"}],"version-history":[{"count":0,"href":"https:\/\/agora.xtec.cat\/escolaestevebarrachina\/wp-json\/wp\/v2\/posts\/2334\/revisions"}],"wp:featuredmedia":[{"embeddable":true,"href":"https:\/\/agora.xtec.cat\/escolaestevebarrachina\/wp-json\/"}],"wp:attachment":[{"href":"https:\/\/agora.xtec.cat\/escolaestevebarrachina\/wp-json\/wp\/v2\/media?parent=2334"}],"wp:term":[{"taxonomy":"category","embeddable":true,"href":"https:\/\/agora.xtec.cat\/escolaestevebarrachina\/wp-json\/wp\/v2\/categories?post=2334"},{"taxonomy":"post_tag","embeddable":true,"href":"https:\/\/agora.xtec.cat\/escolaestevebarrachina\/wp-json\/wp\/v2\/tags?post=2334"}],"curies":[{"name":"wp","href":"https:\/\/api.w.org\/{rel}","templated":true}]}}