{"id":2275,"date":"2013-11-12T14:27:22","date_gmt":"2013-11-12T13:27:22","guid":{"rendered":"https:\/\/escolaestevebarrachina.cat\/?p=2275"},"modified":"2013-11-12T14:27:22","modified_gmt":"2013-11-12T13:27:22","slug":"decorem-la-nostra-escola","status":"publish","type":"post","link":"https:\/\/agora.xtec.cat\/escolaestevebarrachina\/activitats-del-centre\/decorem-la-nostra-escola\/","title":{"rendered":"Decorem la nostra escola!!!"},"content":{"rendered":"<p><strong>Cada any,<\/strong> de la decoraci\u00f3 de l\u2019entrada de la nostra Escola Esteve Barrachina se\u2019n fa c\u00e0rrec un cicle d\u2019alumnes.<br \/>\nEnguany, aquesta feina l\u2019han dut a terme l&#8217;alumnat del cicle superior.<br \/>\nEl tema escollit es correspon amb l\u2019objectiu de l\u2019 Escola d\u2019enguany que es refor\u00e7ar la LECTURA, sobre tot la comprensi\u00f3 lectora.<\/p>\n<p>Aqu\u00ed teniu la gran obra d&#8217;art.<br \/>\nEl lema \u00e9s preci\u00f3s: LLEGIR \u00c9S LA CLAU D\u2019UNA PORTA A LA IMAGINACI\u00d3.<\/p>\n<p>D\u2019un llibre surten tots els personatges de contes de tot el m\u00f3n i omplen i decoren tota l\u2019entrada<br \/>\nPenjats al sostre els diferents t\u00edtols de llibres i contes!!<\/p>\n<p>Us hi podeu apropar a admirar-ho! I intentar endevinar tots els personatges!<br \/>\nUs agafaran ganes de llegir!!!<\/p>\n<p>Felicitats nois, noies !!!!<\/p>\n<p><a href=\"https:\/\/escolaestevebarrachina.cat\/wp-content\/uploads\/2013\/11\/entrada3.jpeg\"><img loading=\"lazy\" decoding=\"async\" class=\"aligncenter size-full wp-image-2277\" alt=\"entrada3\" src=\"https:\/\/escolaestevebarrachina.cat\/wp-content\/uploads\/2013\/11\/entrada3.jpeg\" width=\"800\" height=\"450\" \/><\/a><\/p>\n<p>&nbsp;<\/p>\n<p>&nbsp;<\/p>\n<p>&nbsp;<\/p>\n","protected":false},"excerpt":{"rendered":"<p>Cada any, de la decoraci\u00f3 de l\u2019entrada de la nostra Escola Esteve Barrachina se\u2019n fa c\u00e0rrec un cicle d\u2019alumnes.<br \/>\nEnguany, aquesta feina l\u2019han dut a terme l&#8217;alumnat del cicle superior.<br \/>\nEl tema escollit es correspon amb l\u2019objectiu de l\u2019 Escola d\u2019enguany que es refor\u00e7ar la LECTURA, sobre&hellip;  <a href=\"https:\/\/agora.xtec.cat\/escolaestevebarrachina\/activitats-del-centre\/decorem-la-nostra-escola\/\" title=\"Read Decorem la nostra escola!!!\">Llegeix m\u00e9s\u00bb<\/a><\/p>\n","protected":false},"author":1,"featured_media":2279,"comment_status":"open","ping_status":"open","sticky":false,"template":"","format":"standard","meta":{"_bbp_topic_count":0,"_bbp_reply_count":0,"_bbp_total_topic_count":0,"_bbp_total_reply_count":0,"_bbp_voice_count":0,"_bbp_anonymous_reply_count":0,"_bbp_topic_count_hidden":0,"_bbp_reply_count_hidden":0,"_bbp_forum_subforum_count":0,"footnotes":""},"categories":[84,86],"tags":[],"class_list":["post-2275","post","type-post","status-publish","format-standard","has-post-thumbnail","hentry","category-activitats-del-centre","category-blog"],"post_mailing_queue_ids":[],"_links":{"self":[{"href":"https:\/\/agora.xtec.cat\/escolaestevebarrachina\/wp-json\/wp\/v2\/posts\/2275","targetHints":{"allow":["GET"]}}],"collection":[{"href":"https:\/\/agora.xtec.cat\/escolaestevebarrachina\/wp-json\/wp\/v2\/posts"}],"about":[{"href":"https:\/\/agora.xtec.cat\/escolaestevebarrachina\/wp-json\/wp\/v2\/types\/post"}],"author":[{"embeddable":true,"href":"https:\/\/agora.xtec.cat\/escolaestevebarrachina\/wp-json\/wp\/v2\/users\/1"}],"replies":[{"embeddable":true,"href":"https:\/\/agora.xtec.cat\/escolaestevebarrachina\/wp-json\/wp\/v2\/comments?post=2275"}],"version-history":[{"count":0,"href":"https:\/\/agora.xtec.cat\/escolaestevebarrachina\/wp-json\/wp\/v2\/posts\/2275\/revisions"}],"wp:featuredmedia":[{"embeddable":true,"href":"https:\/\/agora.xtec.cat\/escolaestevebarrachina\/wp-json\/"}],"wp:attachment":[{"href":"https:\/\/agora.xtec.cat\/escolaestevebarrachina\/wp-json\/wp\/v2\/media?parent=2275"}],"wp:term":[{"taxonomy":"category","embeddable":true,"href":"https:\/\/agora.xtec.cat\/escolaestevebarrachina\/wp-json\/wp\/v2\/categories?post=2275"},{"taxonomy":"post_tag","embeddable":true,"href":"https:\/\/agora.xtec.cat\/escolaestevebarrachina\/wp-json\/wp\/v2\/tags?post=2275"}],"curies":[{"name":"wp","href":"https:\/\/api.w.org\/{rel}","templated":true}]}}