{"id":2250,"date":"2013-10-22T12:42:44","date_gmt":"2013-10-22T10:42:44","guid":{"rendered":"https:\/\/escolaestevebarrachina.cat\/?p=2250"},"modified":"2013-10-22T12:42:44","modified_gmt":"2013-10-22T10:42:44","slug":"cassolada-groga","status":"publish","type":"post","link":"https:\/\/agora.xtec.cat\/escolaestevebarrachina\/blog\/cassolada-groga\/","title":{"rendered":"Cassolada groga"},"content":{"rendered":"<p><strong>El proper 24 d\u2019octubre els sindicats d\u2019Ensenyament<\/strong> han convocat una vaga contra la LOMCE, la LEC i les retallades. Al mateix temps els estudiants i les estudiants de Vilanova s\u2019han mobilitzat en una setmana de lluita que culminar\u00e0 en tres dies d\u2019acampada a la Pla\u00e7a de la Vila de Vilanova.<br \/>\n\u00c9s per aix\u00f2 que des de la Coordinadora SOS GARRAF i l\u2019Assemblea de Secund\u00e0ria del Garraf- Alt Pened\u00e8s, amb el suport de la Reuni\u00f3 Sindical de Zona, hem organitzat un acte comarcal en suport a la vaga, sense que aquest es solapi amb la manifestaci\u00f3 convocada pel mateix dia 24 d\u2019octubre a Barcelona.<br \/>\nA m\u00e9s la concentraci\u00f3 del dia 23 a Vilanova coincidir\u00e0 amb el segon dia d\u2019acampada de l\u2019alumnat de secund\u00e0ria i ser\u00e0 tota la comunitat educativa, professorat, alumnat i fam\u00edlies, la que cridar\u00e0 en contra de les retalladles en l\u2019ensenyament, la LEC i la LOMCE.<\/p>\n<p><strong>Dimecres 23 d\u2019octubre Pla\u00e7a de la Vila Vilanova i la Geltr\u00fa<\/strong><br \/>\n<strong>18.00 Cassolada a la Pla\u00e7a de la Vila<\/strong><br \/>\nConcentraci\u00f3 de tota la comunitat educativa.<br \/>\nCal que tothom porti una cassola, xiulets, vuvuzeles&#8230; per fer sentir la nostra protesta.<br \/>\n19.30 Xerrades de conscienciaci\u00f3 durant l\u2019acampada<br \/>\nRepresentants d\u2019AMPAs, de l\u2019Assemblea Interzones de Secund\u00e0ria i de la Coordinadora SOS GARRAF faran xerrades informatives sobre l\u2019actual situaci\u00f3 educativa i sobre les mesures organitzatives que cal prendre des dels diferents col\u00b7lectius implicats.<br \/>\n<strong>Dijous 24 d\u2019octubre Pla\u00e7a Universitat Barcelona<\/strong><br \/>\n<strong>12.30 Manifestaci\u00f3.<\/strong><\/p>\n","protected":false},"excerpt":{"rendered":"<p>El proper 24 d\u2019octubre els sindicats d\u2019Ensenyament han convocat una vaga contra la LOMCE, la LEC i les retallades. Al mateix temps els estudiants i les estudiants de Vilanova s\u2019han mobilitzat en una setmana de lluita que culminar\u00e0 en tres dies d\u2019acampada a la Pla\u00e7a&hellip;  <a href=\"https:\/\/agora.xtec.cat\/escolaestevebarrachina\/blog\/cassolada-groga\/\" title=\"Read Cassolada groga\">Llegeix m\u00e9s\u00bb<\/a><\/p>\n","protected":false},"author":1,"featured_media":2251,"comment_status":"open","ping_status":"open","sticky":false,"template":"","format":"standard","meta":{"_bbp_topic_count":0,"_bbp_reply_count":0,"_bbp_total_topic_count":0,"_bbp_total_reply_count":0,"_bbp_voice_count":0,"_bbp_anonymous_reply_count":0,"_bbp_topic_count_hidden":0,"_bbp_reply_count_hidden":0,"_bbp_forum_subforum_count":0,"footnotes":""},"categories":[86],"tags":[],"class_list":["post-2250","post","type-post","status-publish","format-standard","has-post-thumbnail","hentry","category-blog"],"post_mailing_queue_ids":[],"_links":{"self":[{"href":"https:\/\/agora.xtec.cat\/escolaestevebarrachina\/wp-json\/wp\/v2\/posts\/2250","targetHints":{"allow":["GET"]}}],"collection":[{"href":"https:\/\/agora.xtec.cat\/escolaestevebarrachina\/wp-json\/wp\/v2\/posts"}],"about":[{"href":"https:\/\/agora.xtec.cat\/escolaestevebarrachina\/wp-json\/wp\/v2\/types\/post"}],"author":[{"embeddable":true,"href":"https:\/\/agora.xtec.cat\/escolaestevebarrachina\/wp-json\/wp\/v2\/users\/1"}],"replies":[{"embeddable":true,"href":"https:\/\/agora.xtec.cat\/escolaestevebarrachina\/wp-json\/wp\/v2\/comments?post=2250"}],"version-history":[{"count":0,"href":"https:\/\/agora.xtec.cat\/escolaestevebarrachina\/wp-json\/wp\/v2\/posts\/2250\/revisions"}],"wp:featuredmedia":[{"embeddable":true,"href":"https:\/\/agora.xtec.cat\/escolaestevebarrachina\/wp-json\/"}],"wp:attachment":[{"href":"https:\/\/agora.xtec.cat\/escolaestevebarrachina\/wp-json\/wp\/v2\/media?parent=2250"}],"wp:term":[{"taxonomy":"category","embeddable":true,"href":"https:\/\/agora.xtec.cat\/escolaestevebarrachina\/wp-json\/wp\/v2\/categories?post=2250"},{"taxonomy":"post_tag","embeddable":true,"href":"https:\/\/agora.xtec.cat\/escolaestevebarrachina\/wp-json\/wp\/v2\/tags?post=2250"}],"curies":[{"name":"wp","href":"https:\/\/api.w.org\/{rel}","templated":true}]}}