{"id":2244,"date":"2013-10-22T12:18:13","date_gmt":"2013-10-22T10:18:13","guid":{"rendered":"https:\/\/escolaestevebarrachina.cat\/?p=2244"},"modified":"2013-10-22T12:18:13","modified_gmt":"2013-10-22T10:18:13","slug":"jornada-de-vaga-general","status":"publish","type":"post","link":"https:\/\/agora.xtec.cat\/escolaestevebarrachina\/blog\/jornada-de-vaga-general\/","title":{"rendered":"Jornada de VAGA general"},"content":{"rendered":"<p style=\"text-align: center;\"><a href=\"https:\/\/escolaestevebarrachina.cat\/wp-content\/uploads\/2013\/10\/cartell_muce_24_octubre_BCN-1.jpg\"><img loading=\"lazy\" decoding=\"async\" class=\"size-full wp-image-2245 aligncenter\" alt=\"cartell_muce_24_octubre_BCN-1\" src=\"https:\/\/escolaestevebarrachina.cat\/wp-content\/uploads\/2013\/10\/cartell_muce_24_octubre_BCN-1.jpg\" width=\"590\" height=\"366\" \/><\/a><\/p>\n<p>&nbsp;<\/p>\n<p>Benvolgudes fam\u00edlies,<\/p>\n<p>Per al proper <b>DIJOUS 24 d\u2019octubre <\/b>s\u2019ha convocat una<b> jornada de <\/b><b>VAGA general a l\u2019ensenyament p\u00fablic<\/b> <b>a Catalunya i a tot l\u2019Estat espanyol<\/b>, una jornada de lluita i mobilitzaci\u00f3 en defensa de l\u2019ensenyament p\u00fablic i que coincideix en el moment en qu\u00e8 s\u2019estan elaborant els pressupostos, tant estatals com catalans, que aprofundeixen en unes pol\u00edtiques sistem\u00e0tiques de retallades i austeritat.<\/p>\n<p>En l\u2019actual context de liquidaci\u00f3 dels serveis p\u00fablics i de p\u00e8rdua progressiva de drets socials b\u00e0sics, el govern del PP i el seu ministre Wert est\u00e0 tramitant la LOMCE, encara en el Senat, sense cap suport ni consens i que suposa un atac sense precedents al sistema d\u2019ensenyament p\u00fablic i a les llibertats democr\u00e0tiques.<\/p>\n<p>La LOMCE, com tamb\u00e9 fa la LEC catalana, proposa un model d\u2019escola antidemocr\u00e0tica, amb un tipus de direcci\u00f3 jer\u00e0rquica i gerencial que restringeix la participaci\u00f3 de la comunitat educativa. En aquest sentit s\u2019obren vies per la introducci\u00f3 al sistema p\u00fablic de formes privades de gesti\u00f3 i d\u2019organitzaci\u00f3 del treball buscant la individualitzaci\u00f3 de les condicions de treball i de les relacions laborals amb la intenci\u00f3 de reduir la gesti\u00f3 col\u00b7lectiva del centre a trav\u00e9s del claustre de mestres.<\/p>\n<p>La LOMCE, a m\u00e9s, atempta contra la igualtat d\u2019oportunitats i la cohesi\u00f3 social \u00a0ampliant les difer\u00e8ncies entre \u00a0centres, beneficiant clarament els centres privats-concertats i d\u2019entorns socials afavorits i propiciant que els alumnes amb m\u00e9s necessitats es quedin pel cam\u00ed.<\/p>\n<p>La LOMCE posa en perill el sistema educatiu catal\u00e0 en laminar les compet\u00e8ncies educatives de Catalunya i posar les bases per aniquilar el sistema d\u2019immersi\u00f3 ling\u00fc\u00edstica que fa m\u00e9s de 30 anys que funciona i que tan bons resultats ha donat com a element de cohesi\u00f3 social.<\/p>\n<p>No podem permetre que es redueixi la inversi\u00f3 en l\u2019educaci\u00f3 dels nostres infants i jovent mentre es dilapiden diners p\u00fablics en bancs, armes i esc\u00e0ndols de corrupci\u00f3.<\/p>\n<p><b>Es per aix\u00f2 que docents del centre ens adherim a la vaga d\u2019aquest dia 24 d\u2019octubre, i us demanem el vostre recolzament en aquesta lluita que afecta tota la comunitat educativa: docents, alumnes, fam\u00edlies\u2026 <\/b><\/p>\n<p><b>PER UNA ESCOLA P\u00daBLICA I DE QUALITAT<\/b><\/p>\n<p><b>Ni LOMCE ni LEC\u00a0 ni \u00a0RETALLADES <\/b><\/p>\n<p><a href=\"https:\/\/escolaestevebarrachina.cat\/wp-content\/uploads\/2013\/10\/cartell_muce_24_octubre_BCN.jpg\"><img loading=\"lazy\" decoding=\"async\" class=\"alignleft size-full wp-image-2248\" alt=\"cartell_muce_24_octubre_BCN\" src=\"https:\/\/escolaestevebarrachina.cat\/wp-content\/uploads\/2013\/10\/cartell_muce_24_octubre_BCN.jpg\" width=\"595\" height=\"842\" \/><\/a><\/p>\n<p>&nbsp;<\/p>\n<p>&nbsp;<\/p>\n","protected":false},"excerpt":{"rendered":"<p><a href=\"https:\/\/escolaestevebarrachina.cat\/wp-content\/uploads\/2013\/10\/cartell_muce_24_octubre_BCN-1.jpg\"><\/a><br \/>\n&nbsp;<br \/>\nBenvolgudes fam\u00edlies,<br \/>\nPer al proper DIJOUS 24 d\u2019octubre s\u2019ha convocat una jornada de VAGA general a l\u2019ensenyament p\u00fablic a Catalunya i a tot l\u2019Estat espanyol, una jornada de lluita i mobilitzaci\u00f3 en defensa de l\u2019ensenyament p\u00fablic i que coincideix en el moment en qu\u00e8 s\u2019estan&hellip;  <a href=\"https:\/\/agora.xtec.cat\/escolaestevebarrachina\/blog\/jornada-de-vaga-general\/\" title=\"Read Jornada de VAGA general\">Llegeix m\u00e9s\u00bb<\/a><\/p>\n","protected":false},"author":1,"featured_media":2245,"comment_status":"open","ping_status":"open","sticky":false,"template":"","format":"standard","meta":{"_bbp_topic_count":0,"_bbp_reply_count":0,"_bbp_total_topic_count":0,"_bbp_total_reply_count":0,"_bbp_voice_count":0,"_bbp_anonymous_reply_count":0,"_bbp_topic_count_hidden":0,"_bbp_reply_count_hidden":0,"_bbp_forum_subforum_count":0,"footnotes":""},"categories":[86],"tags":[],"class_list":["post-2244","post","type-post","status-publish","format-standard","has-post-thumbnail","hentry","category-blog"],"post_mailing_queue_ids":[],"_links":{"self":[{"href":"https:\/\/agora.xtec.cat\/escolaestevebarrachina\/wp-json\/wp\/v2\/posts\/2244","targetHints":{"allow":["GET"]}}],"collection":[{"href":"https:\/\/agora.xtec.cat\/escolaestevebarrachina\/wp-json\/wp\/v2\/posts"}],"about":[{"href":"https:\/\/agora.xtec.cat\/escolaestevebarrachina\/wp-json\/wp\/v2\/types\/post"}],"author":[{"embeddable":true,"href":"https:\/\/agora.xtec.cat\/escolaestevebarrachina\/wp-json\/wp\/v2\/users\/1"}],"replies":[{"embeddable":true,"href":"https:\/\/agora.xtec.cat\/escolaestevebarrachina\/wp-json\/wp\/v2\/comments?post=2244"}],"version-history":[{"count":0,"href":"https:\/\/agora.xtec.cat\/escolaestevebarrachina\/wp-json\/wp\/v2\/posts\/2244\/revisions"}],"wp:featuredmedia":[{"embeddable":true,"href":"https:\/\/agora.xtec.cat\/escolaestevebarrachina\/wp-json\/"}],"wp:attachment":[{"href":"https:\/\/agora.xtec.cat\/escolaestevebarrachina\/wp-json\/wp\/v2\/media?parent=2244"}],"wp:term":[{"taxonomy":"category","embeddable":true,"href":"https:\/\/agora.xtec.cat\/escolaestevebarrachina\/wp-json\/wp\/v2\/categories?post=2244"},{"taxonomy":"post_tag","embeddable":true,"href":"https:\/\/agora.xtec.cat\/escolaestevebarrachina\/wp-json\/wp\/v2\/tags?post=2244"}],"curies":[{"name":"wp","href":"https:\/\/api.w.org\/{rel}","templated":true}]}}