{"id":2229,"date":"2013-10-10T13:41:57","date_gmt":"2013-10-10T11:41:57","guid":{"rendered":"https:\/\/escolaestevebarrachina.cat\/?p=2229"},"modified":"2013-10-10T13:41:57","modified_gmt":"2013-10-10T11:41:57","slug":"al-festival-vine-amb-els-petits","status":"publish","type":"post","link":"https:\/\/agora.xtec.cat\/escolaestevebarrachina\/activitats-del-centre\/al-festival-vine-amb-els-petits\/","title":{"rendered":"Al Festival, vine amb els + petits!"},"content":{"rendered":"<p>El proper dia 11 d\u2019octubre, dins el marc del Festival de Cinema Fant\u00e0stic, l\u2019alumnat dels cicles mitj\u00e0 i superior estem convidats a assistir a la projecci\u00f3 de la pel\u00b7l\u00edcula\u201d El Mago de Oz\u201d en versi\u00f3 original en angl\u00e8s i subtitulada en castell\u00e0.<\/p>\n","protected":false},"excerpt":{"rendered":"<p>El proper dia 11 d\u2019octubre, dins el marc del Festival de Cinema Fant\u00e0stic, l\u2019alumnat dels cicles mitj\u00e0 i superior estem convidats a assistir a la projecci\u00f3 de la pel\u00b7l\u00edcula\u201d El Mago de Oz\u201d en versi\u00f3 original en angl\u00e8s i subtitulada en castell\u00e0.<\/p>\n","protected":false},"author":1,"featured_media":2230,"comment_status":"open","ping_status":"open","sticky":false,"template":"","format":"standard","meta":{"_bbp_topic_count":0,"_bbp_reply_count":0,"_bbp_total_topic_count":0,"_bbp_total_reply_count":0,"_bbp_voice_count":0,"_bbp_anonymous_reply_count":0,"_bbp_topic_count_hidden":0,"_bbp_reply_count_hidden":0,"_bbp_forum_subforum_count":0,"footnotes":""},"categories":[84,86],"tags":[],"class_list":["post-2229","post","type-post","status-publish","format-standard","has-post-thumbnail","hentry","category-activitats-del-centre","category-blog"],"post_mailing_queue_ids":[],"_links":{"self":[{"href":"https:\/\/agora.xtec.cat\/escolaestevebarrachina\/wp-json\/wp\/v2\/posts\/2229","targetHints":{"allow":["GET"]}}],"collection":[{"href":"https:\/\/agora.xtec.cat\/escolaestevebarrachina\/wp-json\/wp\/v2\/posts"}],"about":[{"href":"https:\/\/agora.xtec.cat\/escolaestevebarrachina\/wp-json\/wp\/v2\/types\/post"}],"author":[{"embeddable":true,"href":"https:\/\/agora.xtec.cat\/escolaestevebarrachina\/wp-json\/wp\/v2\/users\/1"}],"replies":[{"embeddable":true,"href":"https:\/\/agora.xtec.cat\/escolaestevebarrachina\/wp-json\/wp\/v2\/comments?post=2229"}],"version-history":[{"count":0,"href":"https:\/\/agora.xtec.cat\/escolaestevebarrachina\/wp-json\/wp\/v2\/posts\/2229\/revisions"}],"wp:featuredmedia":[{"embeddable":true,"href":"https:\/\/agora.xtec.cat\/escolaestevebarrachina\/wp-json\/"}],"wp:attachment":[{"href":"https:\/\/agora.xtec.cat\/escolaestevebarrachina\/wp-json\/wp\/v2\/media?parent=2229"}],"wp:term":[{"taxonomy":"category","embeddable":true,"href":"https:\/\/agora.xtec.cat\/escolaestevebarrachina\/wp-json\/wp\/v2\/categories?post=2229"},{"taxonomy":"post_tag","embeddable":true,"href":"https:\/\/agora.xtec.cat\/escolaestevebarrachina\/wp-json\/wp\/v2\/tags?post=2229"}],"curies":[{"name":"wp","href":"https:\/\/api.w.org\/{rel}","templated":true}]}}