{"id":2212,"date":"2013-10-09T11:57:12","date_gmt":"2013-10-09T09:57:12","guid":{"rendered":"https:\/\/escolaestevebarrachina.cat\/?p=2212"},"modified":"2013-10-09T11:57:12","modified_gmt":"2013-10-09T09:57:12","slug":"cursa-solidaria-de-la-lluna-plena","status":"publish","type":"post","link":"https:\/\/agora.xtec.cat\/escolaestevebarrachina\/blog\/cursa-solidaria-de-la-lluna-plena\/","title":{"rendered":"Cursa solidaria de la lluna plena"},"content":{"rendered":"<p style=\"text-align: center;\"><a href=\"https:\/\/escolaestevebarrachina.cat\/wp-content\/uploads\/2013\/10\/bg_eventcamp-copia.jpg\"><img loading=\"lazy\" decoding=\"async\" class=\"size-full wp-image-2215 aligncenter\" alt=\"bg_eventcamp copia\" src=\"https:\/\/escolaestevebarrachina.cat\/wp-content\/uploads\/2013\/10\/bg_eventcamp-copia.jpg\" width=\"915\" height=\"553\" \/><\/a><\/p>\n<p>6 Km per gaudir i compartir experi\u00e8ncies amb gent com tu. Caminant o corrent. Una oportunitat per ajudar a un gran col\u00b7lectiu i treballar per la Recerca del C\u00e0ncer Infantil..\u00a0Tots els diners que recollim seran donats \u00edntegrament al Laboratori de Recerca del C\u00e0ncer Infantil de l&#8217;Hospital de Sant Joan de D\u00e9u.<\/p>\n<p>DATA:\u00a0Sitges , 18 d&#8217;octubre de 2013<\/p>\n<p>M\u00c9S INFORMACI\u00d3:\u00a0<a href=\"http:\/\/llunaplenasitges.runnering.com\/\" target=\"_blank\" rel=\"noopener noreferrer\">llunaplenasitges.runnering.com<\/a><\/p>\n<p>&nbsp;<\/p>\n<p>&nbsp;<\/p>\n<p>&nbsp;<\/p>\n","protected":false},"excerpt":{"rendered":"<p><a href=\"https:\/\/escolaestevebarrachina.cat\/wp-content\/uploads\/2013\/10\/bg_eventcamp-copia.jpg\"><\/a><br \/>\n6 Km per gaudir i compartir experi\u00e8ncies amb gent com tu. Caminant o corrent. Una oportunitat per ajudar a un gran col\u00b7lectiu i treballar per la Recerca del C\u00e0ncer Infantil..\u00a0Tots els diners que recollim seran donats \u00edntegrament al Laboratori de Recerca del C\u00e0ncer Infantil&hellip;  <a href=\"https:\/\/agora.xtec.cat\/escolaestevebarrachina\/blog\/cursa-solidaria-de-la-lluna-plena\/\" title=\"Read Cursa solidaria de la lluna plena\">Llegeix m\u00e9s\u00bb<\/a><\/p>\n","protected":false},"author":1,"featured_media":2215,"comment_status":"open","ping_status":"open","sticky":false,"template":"","format":"standard","meta":{"_bbp_topic_count":0,"_bbp_reply_count":0,"_bbp_total_topic_count":0,"_bbp_total_reply_count":0,"_bbp_voice_count":0,"_bbp_anonymous_reply_count":0,"_bbp_topic_count_hidden":0,"_bbp_reply_count_hidden":0,"_bbp_forum_subforum_count":0,"footnotes":""},"categories":[86],"tags":[97],"class_list":["post-2212","post","type-post","status-publish","format-standard","has-post-thumbnail","hentry","category-blog","tag-sitges"],"post_mailing_queue_ids":[],"_links":{"self":[{"href":"https:\/\/agora.xtec.cat\/escolaestevebarrachina\/wp-json\/wp\/v2\/posts\/2212","targetHints":{"allow":["GET"]}}],"collection":[{"href":"https:\/\/agora.xtec.cat\/escolaestevebarrachina\/wp-json\/wp\/v2\/posts"}],"about":[{"href":"https:\/\/agora.xtec.cat\/escolaestevebarrachina\/wp-json\/wp\/v2\/types\/post"}],"author":[{"embeddable":true,"href":"https:\/\/agora.xtec.cat\/escolaestevebarrachina\/wp-json\/wp\/v2\/users\/1"}],"replies":[{"embeddable":true,"href":"https:\/\/agora.xtec.cat\/escolaestevebarrachina\/wp-json\/wp\/v2\/comments?post=2212"}],"version-history":[{"count":0,"href":"https:\/\/agora.xtec.cat\/escolaestevebarrachina\/wp-json\/wp\/v2\/posts\/2212\/revisions"}],"wp:featuredmedia":[{"embeddable":true,"href":"https:\/\/agora.xtec.cat\/escolaestevebarrachina\/wp-json\/"}],"wp:attachment":[{"href":"https:\/\/agora.xtec.cat\/escolaestevebarrachina\/wp-json\/wp\/v2\/media?parent=2212"}],"wp:term":[{"taxonomy":"category","embeddable":true,"href":"https:\/\/agora.xtec.cat\/escolaestevebarrachina\/wp-json\/wp\/v2\/categories?post=2212"},{"taxonomy":"post_tag","embeddable":true,"href":"https:\/\/agora.xtec.cat\/escolaestevebarrachina\/wp-json\/wp\/v2\/tags?post=2212"}],"curies":[{"name":"wp","href":"https:\/\/api.w.org\/{rel}","templated":true}]}}