{"id":2023,"date":"2013-02-20T20:51:04","date_gmt":"2013-02-20T20:51:04","guid":{"rendered":"http:\/\/blocs.xtec.cat\/ceipbarrachina\/?p=694"},"modified":"2013-02-20T20:51:04","modified_gmt":"2013-02-20T20:51:04","slug":"gran-exit-de-la-xocolatada-de-lesteve-barrachina","status":"publish","type":"post","link":"https:\/\/agora.xtec.cat\/escolaestevebarrachina\/blog\/gran-exit-de-la-xocolatada-de-lesteve-barrachina\/","title":{"rendered":"GRAN \u00c8XIT DE LA XOCOLATADA DE L\u2019ESTEVE BARRACHINA"},"content":{"rendered":"<p><em>M\u00e9s de 400 perso<\/em>nes van berenar juntes contra el c\u00e0ncer infantil<em> <\/em><\/p>\n<p><em>858,60 EUROS!!! 858,60 milers de gr\u00e0cies, perqu\u00e8 s\u00f3n els diners que la tarda de divendres, 15 de febrer, vam recaptar a l\u2019Escola Esteve Barrachina de Sitges en la xocolatada que, amb motiu del Dia Mundial contra el C\u00e0ncer Infantil, vam fer en mem\u00f2ria d&#8217;en Pol Lahoz (exalumne de l\u2019escola) i de tots els nens i nenes que pateixen c\u00e0ncer.<\/p>\n<p>Aquests 858,60 euros van a l&#8217;Obra Social de Sant Joan de D\u00e9u per a la investigaci\u00f3 del c\u00e0ncer infantil. Des d&#8217;aqu\u00ed volem agra\u00efr especialment a T\u00e0ndem Menjadors la seva col.laboraci\u00f3 desinteressada en la causa aportant-hi la xocolata i la coca, i gr\u00e0cies tamb\u00e9 a l&#8217;escola i a tots els pares i mares que ens han ajudat a fer-la possible i molt especialment a l&#8217;Estela, la mare d&#8217;en Pol, promotora de la iniciativa.<\/p>\n<p>La xocolatada va transc\u00f3rrer en un ambient maqu\u00edssim, molt festiu i solidari. M\u00e9s d\u2019un es que va quedar embadalit amb els fant\u00e0stics i emotius dibuixos sobre la malaltia que els alumnes, de primer a sis\u00e8, van estar treballant amb les monitores de menjador els dies previs i que estaven penjats al pati. Uns dibuixos plens de bons desitjos i esperan\u00e7a per als nens i nenes que pateixen c\u00e0ncer, i que emmarcaven el taulell on es venien tot d\u2019articles elaborats a m\u00e0 per a la causa: des de bufandes, a polseres, punts de llibres, etc.<\/p>\n<p>L&#8217;\u00e8xit de la xocolatada va desbordar totes les previsions, fet que ens omple de satisfacci\u00f3 i tamb\u00e9 ens sap greu per a totes les fam\u00edlies que es van quedar sense. Els demanem disculpes alhora que els agra\u00efm profundament que col.laboressin igualment en la causa amb un donatiu.<\/p>\n<p>MOLT\u00cdSSIMES GR\u00c0CIES A TOT@S per haver berenat junts contra el c\u00e0ncer infantil, molts nens i nenes amb c\u00e0ncer somriuen des del cor, ara amb m\u00e9s for\u00e7a!!<\/p>\n<p><embed type=\"application\/x-shockwave-flash\" width=\"400\" height=\"267\" src=\"https:\/\/picasaweb.google.com\/s\/c\/bin\/slideshow.swf\" flashvars=\"host=picasaweb.google.com&amp;hl=ca&amp;feat=flashalbum&amp;RGB=0x000000&amp;feed=https%3A%2F%2Fpicasaweb.google.com%2Fdata%2Ffeed%2Fapi%2Fuser%2Fceipbarrachina2%2Falbumid%2F5847123090337345313%3Falt%3Drss%26kind%3Dphoto%26authkey%3DGv1sRgCOmvjLbe0-nqwQE%26hl%3Dca\" pluginspage=\"http:\/\/www.macromedia.com\/go\/getflashplayer\"><\/embed><\/p>\n<p><\/em><\/p>\n","protected":false},"excerpt":{"rendered":"<p>M\u00e9s de 400 persones van berenar juntes contra el c\u00e0ncer infantil<br \/>\n858,60 EUROS!!! 858,60 milers de gr\u00e0cies, perqu\u00e8 s\u00f3n els diners que la tarda de divendres, 15 de febrer, vam recaptar a l\u2019Escola Esteve Barrachina de Sitges en la xocolatada que, amb motiu del Dia&hellip;  <a href=\"https:\/\/agora.xtec.cat\/escolaestevebarrachina\/blog\/gran-exit-de-la-xocolatada-de-lesteve-barrachina\/\" title=\"Read GRAN \u00c8XIT DE LA XOCOLATADA DE L\u2019ESTEVE BARRACHINA\">Llegeix m\u00e9s\u00bb<\/a><\/p>\n","protected":false},"author":1,"featured_media":0,"comment_status":"open","ping_status":"closed","sticky":false,"template":"","format":"standard","meta":{"_bbp_topic_count":0,"_bbp_reply_count":0,"_bbp_total_topic_count":0,"_bbp_total_reply_count":0,"_bbp_voice_count":0,"_bbp_anonymous_reply_count":0,"_bbp_topic_count_hidden":0,"_bbp_reply_count_hidden":0,"_bbp_forum_subforum_count":0,"footnotes":""},"categories":[86],"tags":[],"class_list":["post-2023","post","type-post","status-publish","format-standard","hentry","category-blog"],"post_mailing_queue_ids":[],"_links":{"self":[{"href":"https:\/\/agora.xtec.cat\/escolaestevebarrachina\/wp-json\/wp\/v2\/posts\/2023","targetHints":{"allow":["GET"]}}],"collection":[{"href":"https:\/\/agora.xtec.cat\/escolaestevebarrachina\/wp-json\/wp\/v2\/posts"}],"about":[{"href":"https:\/\/agora.xtec.cat\/escolaestevebarrachina\/wp-json\/wp\/v2\/types\/post"}],"author":[{"embeddable":true,"href":"https:\/\/agora.xtec.cat\/escolaestevebarrachina\/wp-json\/wp\/v2\/users\/1"}],"replies":[{"embeddable":true,"href":"https:\/\/agora.xtec.cat\/escolaestevebarrachina\/wp-json\/wp\/v2\/comments?post=2023"}],"version-history":[{"count":0,"href":"https:\/\/agora.xtec.cat\/escolaestevebarrachina\/wp-json\/wp\/v2\/posts\/2023\/revisions"}],"wp:attachment":[{"href":"https:\/\/agora.xtec.cat\/escolaestevebarrachina\/wp-json\/wp\/v2\/media?parent=2023"}],"wp:term":[{"taxonomy":"category","embeddable":true,"href":"https:\/\/agora.xtec.cat\/escolaestevebarrachina\/wp-json\/wp\/v2\/categories?post=2023"},{"taxonomy":"post_tag","embeddable":true,"href":"https:\/\/agora.xtec.cat\/escolaestevebarrachina\/wp-json\/wp\/v2\/tags?post=2023"}],"curies":[{"name":"wp","href":"https:\/\/api.w.org\/{rel}","templated":true}]}}