{"id":2021,"date":"2010-02-01T12:53:34","date_gmt":"2010-02-01T11:53:34","guid":{"rendered":"http:\/\/blocs.xtec.cat\/ceipbarrachina\/?p=224"},"modified":"2010-02-01T12:53:34","modified_gmt":"2010-02-01T11:53:34","slug":"colonies-a-la-neu-6e","status":"publish","type":"post","link":"https:\/\/agora.xtec.cat\/escolaestevebarrachina\/cicle-superior\/colonies-a-la-neu-6e\/","title":{"rendered":"COL\u00d2NIES A LA NEU 6\u00e8."},"content":{"rendered":"<p>Els passats dies 13, 14 i 15 de gener els nois i les noies de 6\u00e8 varem anar a esquiar a la Cerdanya Francesa, ens ho vam passar d&#8217;all\u00f3 m\u00e9s b\u00e9, com podreu veure al reportatge gr\u00e0fic.<\/p>\n<p><a href='http:\/\/animoto.com\/play\/3ZYbRR58TYcUNEtYZKRyxA?autostart=true#'>Col\u00f2nies a la Neu<\/a><\/p>\n","protected":false},"excerpt":{"rendered":"<p>Els passats dies 13, 14 i 15 de gener els nois i les noies de 6\u00e8 varem anar a esquiar a la Cerdanya Francesa, ens ho vam passar d&#8217;all\u00f3 m\u00e9s b\u00e9, com podreu veure al reportatge gr\u00e0fic.<br \/>\n<a href='http:\/\/animoto.com\/play\/3ZYbRR58TYcUNEtYZKRyxA?autostart=true#'>Col\u00f2nies a la Neu<\/a><\/p>\n","protected":false},"author":1,"featured_media":0,"comment_status":"open","ping_status":"closed","sticky":false,"template":"","format":"standard","meta":{"_bbp_topic_count":0,"_bbp_reply_count":0,"_bbp_total_topic_count":0,"_bbp_total_reply_count":0,"_bbp_voice_count":0,"_bbp_anonymous_reply_count":0,"_bbp_topic_count_hidden":0,"_bbp_reply_count_hidden":0,"_bbp_forum_subforum_count":0,"footnotes":""},"categories":[92],"tags":[],"class_list":["post-2021","post","type-post","status-publish","format-standard","hentry","category-cicle-superior"],"post_mailing_queue_ids":[],"_links":{"self":[{"href":"https:\/\/agora.xtec.cat\/escolaestevebarrachina\/wp-json\/wp\/v2\/posts\/2021","targetHints":{"allow":["GET"]}}],"collection":[{"href":"https:\/\/agora.xtec.cat\/escolaestevebarrachina\/wp-json\/wp\/v2\/posts"}],"about":[{"href":"https:\/\/agora.xtec.cat\/escolaestevebarrachina\/wp-json\/wp\/v2\/types\/post"}],"author":[{"embeddable":true,"href":"https:\/\/agora.xtec.cat\/escolaestevebarrachina\/wp-json\/wp\/v2\/users\/1"}],"replies":[{"embeddable":true,"href":"https:\/\/agora.xtec.cat\/escolaestevebarrachina\/wp-json\/wp\/v2\/comments?post=2021"}],"version-history":[{"count":0,"href":"https:\/\/agora.xtec.cat\/escolaestevebarrachina\/wp-json\/wp\/v2\/posts\/2021\/revisions"}],"wp:attachment":[{"href":"https:\/\/agora.xtec.cat\/escolaestevebarrachina\/wp-json\/wp\/v2\/media?parent=2021"}],"wp:term":[{"taxonomy":"category","embeddable":true,"href":"https:\/\/agora.xtec.cat\/escolaestevebarrachina\/wp-json\/wp\/v2\/categories?post=2021"},{"taxonomy":"post_tag","embeddable":true,"href":"https:\/\/agora.xtec.cat\/escolaestevebarrachina\/wp-json\/wp\/v2\/tags?post=2021"}],"curies":[{"name":"wp","href":"https:\/\/api.w.org\/{rel}","templated":true}]}}