{"id":2020,"date":"2010-01-20T12:44:28","date_gmt":"2010-01-20T11:44:28","guid":{"rendered":"http:\/\/blocs.xtec.cat\/ceipbarrachina\/?p=222"},"modified":"2010-01-20T12:44:28","modified_gmt":"2010-01-20T11:44:28","slug":"despedim-a-lolga","status":"publish","type":"post","link":"https:\/\/agora.xtec.cat\/escolaestevebarrachina\/activitats-del-centre\/despedim-a-lolga\/","title":{"rendered":"Despedim a l&#8217;Olga"},"content":{"rendered":"<p>Benvolgudes fam\u00edlies,<\/p>\n<p>Us informem, que la Sra. Olga Velando  , administrativa de l\u2019escola s\u2019ha jubilat  a partir del dia 12 de gener. La persona que la substitueix a la secretaria, \u00e9s la Sra, Sonia Mu\u00f1oz. Per a qualsevol consulta us podeu adre\u00e7ar a ella, dins  el mateix horari d\u2019atenci\u00f3 al p\u00fablic : de dilluns a divendres de 9h a 10\u201930h i dimarts de 15h a 17h<\/p>\n<p>Des de l\u2019escola volem agrair a l\u2019 Olga tota la feina que ha realitzat durant tots aquests anys i sobretot el seu tracte i simpatia envers tots nosaltres i desitjar-li  molta felicitat en aquesta nova etapa. <\/p>\n<p>Ah!! I que mai s\u2019oblidi dels seus SOLETES.<\/p>\n<p>L\u2019escola<br \/>\n<a href=\"http:\/\/picasaweb.google.com\/lh\/photo\/dV4FDPZLR294yJgXYXRpPQ?feat=embedwebsite\"><img decoding=\"async\" src=\"http:\/\/lh3.ggpht.com\/_r6UtPn1rQEc\/S1WsD28yZfI\/AAAAAAAAa14\/XAo7Jue-IAY\/s400\/Imagen%20064.jpg\" \/><\/a><\/p>\n<p><embed type=\"application\/x-shockwave-flash\" src=\"http:\/\/picasaweb.google.com\/s\/c\/bin\/slideshow.swf\" width=\"400\" height=\"267\" flashvars=\"host=picasaweb.google.com&amp;hl=ca&amp;feat=flashalbum&amp;RGB=0x000000&amp;feed=http%3A%2F%2Fpicasaweb.google.com%2Fdata%2Ffeed%2Fapi%2Fuser%2Fceipbarrachina2%2Falbumid%2F5460815586596506449%3Falt%3Drss%26kind%3Dphoto%26authkey%3DGv1sRgCNSDl8T50ofCqAE%26hl%3Dca\" pluginspage=\"http:\/\/www.macromedia.com\/go\/getflashplayer\"><\/embed><\/p>\n","protected":false},"excerpt":{"rendered":"<p>Benvolgudes fam\u00edlies,<br \/>\nUs informem, que la Sra. Olga Velando  , administrativa de l\u2019escola s\u2019ha jubilat  a partir del dia 12 de gener. La persona que la substitueix a la secretaria, \u00e9s la Sra, Sonia Mu\u00f1oz. Per a qualsevol consulta us podeu adre\u00e7ar a ella,&hellip;  <a href=\"https:\/\/agora.xtec.cat\/escolaestevebarrachina\/activitats-del-centre\/despedim-a-lolga\/\" title=\"Read Despedim a l&#8217;Olga\">Llegeix m\u00e9s\u00bb<\/a><\/p>\n","protected":false},"author":1,"featured_media":0,"comment_status":"open","ping_status":"closed","sticky":false,"template":"","format":"standard","meta":{"_bbp_topic_count":0,"_bbp_reply_count":0,"_bbp_total_topic_count":0,"_bbp_total_reply_count":0,"_bbp_voice_count":0,"_bbp_anonymous_reply_count":0,"_bbp_topic_count_hidden":0,"_bbp_reply_count_hidden":0,"_bbp_forum_subforum_count":0,"footnotes":""},"categories":[84],"tags":[],"class_list":["post-2020","post","type-post","status-publish","format-standard","hentry","category-activitats-del-centre"],"post_mailing_queue_ids":[],"_links":{"self":[{"href":"https:\/\/agora.xtec.cat\/escolaestevebarrachina\/wp-json\/wp\/v2\/posts\/2020","targetHints":{"allow":["GET"]}}],"collection":[{"href":"https:\/\/agora.xtec.cat\/escolaestevebarrachina\/wp-json\/wp\/v2\/posts"}],"about":[{"href":"https:\/\/agora.xtec.cat\/escolaestevebarrachina\/wp-json\/wp\/v2\/types\/post"}],"author":[{"embeddable":true,"href":"https:\/\/agora.xtec.cat\/escolaestevebarrachina\/wp-json\/wp\/v2\/users\/1"}],"replies":[{"embeddable":true,"href":"https:\/\/agora.xtec.cat\/escolaestevebarrachina\/wp-json\/wp\/v2\/comments?post=2020"}],"version-history":[{"count":0,"href":"https:\/\/agora.xtec.cat\/escolaestevebarrachina\/wp-json\/wp\/v2\/posts\/2020\/revisions"}],"wp:attachment":[{"href":"https:\/\/agora.xtec.cat\/escolaestevebarrachina\/wp-json\/wp\/v2\/media?parent=2020"}],"wp:term":[{"taxonomy":"category","embeddable":true,"href":"https:\/\/agora.xtec.cat\/escolaestevebarrachina\/wp-json\/wp\/v2\/categories?post=2020"},{"taxonomy":"post_tag","embeddable":true,"href":"https:\/\/agora.xtec.cat\/escolaestevebarrachina\/wp-json\/wp\/v2\/tags?post=2020"}],"curies":[{"name":"wp","href":"https:\/\/api.w.org\/{rel}","templated":true}]}}