{"id":163,"date":"2009-09-25T11:32:09","date_gmt":"2009-09-25T10:32:09","guid":{"rendered":"http:\/\/blocs.xtec.cat\/ceipbarrachina\/?p=163"},"modified":"2009-09-25T11:32:09","modified_gmt":"2009-09-25T10:32:09","slug":"santa-tecla-a-lescola","status":"publish","type":"post","link":"https:\/\/agora.xtec.cat\/escolaestevebarrachina\/activitats-del-centre\/santa-tecla-a-lescola\/","title":{"rendered":"SANTA TECLA A L&#8217;ESCOLA"},"content":{"rendered":"<p>Aquesta setmana hem realitzat diverses activitats relacionades amb la celebraci\u00f3 de Santa Tecla.<\/p>\n<p><span style=\"color: #ff0000\">A Educaci\u00f3 Infantil<\/span> ens han visitat una colla de grallers i els nens i nenes han ballat amb els dracs i els gegants que havien fet.<\/p>\n<p>A prim\u00e0ria han fet xerrades sobre diferents aspectes de la Festa<\/p>\n<p><span style=\"color: #ff0000\">Primer:<\/span> <span style=\"text-decoration: underline\">els gegants <\/span>a c\u00e0rrec de Jordi Cubillos<\/p>\n<p><span style=\"color: #ff0000\">Segon:<\/span> <span style=\"text-decoration: underline\">El foc <\/span>a c\u00e0rrec de Jordi Cubillos<\/p>\n<p><span style=\"color: #ff0000\">Tercer;<\/span> <span style=\"text-decoration: underline\">el Drac <\/span>a c\u00e0rrec de Sebasti\u00e0 Gim\u00e8nez<\/p>\n<p><span style=\"color: #ff0000\">Quart<\/span>: <span style=\"text-decoration: underline\">les gitanes <\/span>a c\u00e0rrec de Lolin Rocha.<\/p>\n<p><span style=\"color: #ff0000\">Cinqu\u00e8<\/span>: <span style=\"text-decoration: underline\">els castells<\/span> a c\u00e0rrec de Santi Terraza.<\/p>\n<p><span style=\"color: #ff0000\">Sis\u00e8:<\/span> <span style=\"text-decoration: underline\">La Moixiganga <\/span>a c\u00e0rrec de Joan Duran.<\/p>\n<p>Els hi donem les gr\u00e0cies a tots ells.<br \/>\n<embed src=\"http:\/\/www.youtube.com\/v\/lOjz7_-9p38&amp;hl=es_ES&amp;fs=1&amp;rel=0\" type=\"application\/x-shockwave-flash\" allowscriptaccess=\"always\" width=\"460\" height=\"385\"><\/embed><\/p>\n<p>Per veure-les totes clickeu <a href=\"http:\/\/picasaweb.google.es\/ceipbarrachina2\/GrallesAInfantilIPrimaria?feat=directlink\" target=\"_blank\" rel=\"noopener noreferrer\">AQUI<\/a><\/p>\n","protected":false},"excerpt":{"rendered":"<p>Aquesta setmana hem realitzat diverses activitats relacionades amb la celebraci\u00f3 de Santa Tecla.<br \/>\nA Educaci\u00f3 Infantil ens han visitat una colla de grallers i els nens i nenes han ballat amb els dracs i els gegants que havien fet.<br \/>\nA prim\u00e0ria han fet xerrades sobre diferents aspectes&hellip;  <a href=\"https:\/\/agora.xtec.cat\/escolaestevebarrachina\/activitats-del-centre\/santa-tecla-a-lescola\/\" title=\"Read SANTA TECLA A L&#8217;ESCOLA\">Llegeix m\u00e9s\u00bb<\/a><\/p>\n","protected":false},"author":1,"featured_media":0,"comment_status":"open","ping_status":"closed","sticky":false,"template":"","format":"standard","meta":{"_bbp_topic_count":0,"_bbp_reply_count":0,"_bbp_total_topic_count":0,"_bbp_total_reply_count":0,"_bbp_voice_count":0,"_bbp_anonymous_reply_count":0,"_bbp_topic_count_hidden":0,"_bbp_reply_count_hidden":0,"_bbp_forum_subforum_count":0,"footnotes":""},"categories":[84],"tags":[],"class_list":["post-163","post","type-post","status-publish","format-standard","hentry","category-activitats-del-centre"],"post_mailing_queue_ids":[],"_links":{"self":[{"href":"https:\/\/agora.xtec.cat\/escolaestevebarrachina\/wp-json\/wp\/v2\/posts\/163","targetHints":{"allow":["GET"]}}],"collection":[{"href":"https:\/\/agora.xtec.cat\/escolaestevebarrachina\/wp-json\/wp\/v2\/posts"}],"about":[{"href":"https:\/\/agora.xtec.cat\/escolaestevebarrachina\/wp-json\/wp\/v2\/types\/post"}],"author":[{"embeddable":true,"href":"https:\/\/agora.xtec.cat\/escolaestevebarrachina\/wp-json\/wp\/v2\/users\/1"}],"replies":[{"embeddable":true,"href":"https:\/\/agora.xtec.cat\/escolaestevebarrachina\/wp-json\/wp\/v2\/comments?post=163"}],"version-history":[{"count":0,"href":"https:\/\/agora.xtec.cat\/escolaestevebarrachina\/wp-json\/wp\/v2\/posts\/163\/revisions"}],"wp:attachment":[{"href":"https:\/\/agora.xtec.cat\/escolaestevebarrachina\/wp-json\/wp\/v2\/media?parent=163"}],"wp:term":[{"taxonomy":"category","embeddable":true,"href":"https:\/\/agora.xtec.cat\/escolaestevebarrachina\/wp-json\/wp\/v2\/categories?post=163"},{"taxonomy":"post_tag","embeddable":true,"href":"https:\/\/agora.xtec.cat\/escolaestevebarrachina\/wp-json\/wp\/v2\/tags?post=163"}],"curies":[{"name":"wp","href":"https:\/\/api.w.org\/{rel}","templated":true}]}}