{"id":130,"date":"2009-05-21T13:00:39","date_gmt":"2009-05-21T12:00:39","guid":{"rendered":"http:\/\/blocs.xtec.cat\/ceipbarrachina\/2009\/05\/21\/congres-de-ciencies\/"},"modified":"2009-05-21T13:00:39","modified_gmt":"2009-05-21T12:00:39","slug":"congres-de-ciencies","status":"publish","type":"post","link":"https:\/\/agora.xtec.cat\/escolaestevebarrachina\/cicle-inicial\/congres-de-ciencies\/","title":{"rendered":"CONGR\u00c9S DE CI\u00c8NCIES"},"content":{"rendered":"<p><iframe loading=\"lazy\" src=\"https:\/\/www.slideshare.net\/slideshow\/embed_code\/1399257\" width=\"400\" height=\"337\" frameborder=\"0\" marginwidth=\"0\" marginheight=\"0\" scrolling=\"no\"><\/iframe><br\/><br \/>\nEls nens i nenes de 2n. vam participar en el Congr\u00e9s de Ci\u00e8ncies a Vilanova. Expos\u00e0vem el resultat d&#8217;un treball realitzat durant dos cursos amb l&#8217;ajuda dels nens i nenes de 6\u00e8 del curs passat i els de 5\u00e8 d&#8217;aquest curs,\u00a0 juntament amb tota l&#8217;escola.<\/p>\n<p>La pon\u00e8ncia era sobre <strong>El paper d&#8217;alumini, \u00fas i reciclatge<\/strong>.<\/p>\n<p>L&#8217;experi\u00e8ncia ha sigut molt positiva i engrescadora.<\/p>\n<p>Aprofitem per donar les gr\u00e0cies a tothom que ha participat i ens ha ajudat a portar a terme aquest projecte.<\/p>\n","protected":false},"excerpt":{"rendered":"<p>Els nens i nenes de 2n. vam participar en el Congr\u00e9s de Ci\u00e8ncies a Vilanova. Expos\u00e0vem el resultat d&#8217;un treball realitzat durant dos cursos amb l&#8217;ajuda dels nens i nenes de 6\u00e8 del curs passat i els de 5\u00e8 d&#8217;aquest curs,\u00a0 juntament amb tota l&#8217;escola.<br \/>\nLa&hellip;  <a href=\"https:\/\/agora.xtec.cat\/escolaestevebarrachina\/cicle-inicial\/congres-de-ciencies\/\" title=\"Read CONGR\u00c9S DE CI\u00c8NCIES\">Llegeix m\u00e9s\u00bb<\/a><\/p>\n","protected":false},"author":1,"featured_media":0,"comment_status":"open","ping_status":"closed","sticky":false,"template":"","format":"standard","meta":{"_bbp_topic_count":0,"_bbp_reply_count":0,"_bbp_total_topic_count":0,"_bbp_total_reply_count":0,"_bbp_voice_count":0,"_bbp_anonymous_reply_count":0,"_bbp_topic_count_hidden":0,"_bbp_reply_count_hidden":0,"_bbp_forum_subforum_count":0,"footnotes":""},"categories":[93],"tags":[],"class_list":["post-130","post","type-post","status-publish","format-standard","hentry","category-cicle-inicial"],"post_mailing_queue_ids":[],"_links":{"self":[{"href":"https:\/\/agora.xtec.cat\/escolaestevebarrachina\/wp-json\/wp\/v2\/posts\/130","targetHints":{"allow":["GET"]}}],"collection":[{"href":"https:\/\/agora.xtec.cat\/escolaestevebarrachina\/wp-json\/wp\/v2\/posts"}],"about":[{"href":"https:\/\/agora.xtec.cat\/escolaestevebarrachina\/wp-json\/wp\/v2\/types\/post"}],"author":[{"embeddable":true,"href":"https:\/\/agora.xtec.cat\/escolaestevebarrachina\/wp-json\/wp\/v2\/users\/1"}],"replies":[{"embeddable":true,"href":"https:\/\/agora.xtec.cat\/escolaestevebarrachina\/wp-json\/wp\/v2\/comments?post=130"}],"version-history":[{"count":0,"href":"https:\/\/agora.xtec.cat\/escolaestevebarrachina\/wp-json\/wp\/v2\/posts\/130\/revisions"}],"wp:attachment":[{"href":"https:\/\/agora.xtec.cat\/escolaestevebarrachina\/wp-json\/wp\/v2\/media?parent=130"}],"wp:term":[{"taxonomy":"category","embeddable":true,"href":"https:\/\/agora.xtec.cat\/escolaestevebarrachina\/wp-json\/wp\/v2\/categories?post=130"},{"taxonomy":"post_tag","embeddable":true,"href":"https:\/\/agora.xtec.cat\/escolaestevebarrachina\/wp-json\/wp\/v2\/tags?post=130"}],"curies":[{"name":"wp","href":"https:\/\/api.w.org\/{rel}","templated":true}]}}