{"id":12237,"date":"2025-12-16T16:18:46","date_gmt":"2025-12-16T15:18:46","guid":{"rendered":"https:\/\/agora.xtec.cat\/escolaestevebarrachina\/?p=12237"},"modified":"2025-12-16T16:23:36","modified_gmt":"2025-12-16T15:23:36","slug":"descobrir-les-matematiques-des-duna-mirada-nova-projecte-pcmat","status":"publish","type":"post","link":"https:\/\/agora.xtec.cat\/escolaestevebarrachina\/general\/descobrir-les-matematiques-des-duna-mirada-nova-projecte-pcmat\/","title":{"rendered":"Descobrir les matem\u00e0tiques des d\u2019una mirada nova: projecte PCMAT"},"content":{"rendered":"<div>\n<p><strong>Descobrir les matem\u00e0tiques des d\u2019una mirada nova: projecte PCMAT<\/strong><\/p>\n<p>Aquest curs, l\u2019Escola\u00a0<strong>Esteve Barrachina<\/strong>\u00a0participa en el projecte\u00a0<strong>PCMAT (Pensament Computacional i Matem\u00e0tiques)<\/strong>, una iniciativa que ens convida a repensar com aprenem i ensenyem matem\u00e0tiques a l\u2019aula. El projecte posa el focus no nom\u00e9s en els continguts, sin\u00f3 en\u00a0<strong>com pensem, com raonem i com afrontem els reptes<\/strong>\u00a0matem\u00e0tics.<\/p>\n<p>El PCMAT introdueix estrat\u00e8gies del pensament computacional que ajuden l\u2019alumnat a organitzar millor les seves idees: analitzar situacions, dividir els problemes en parts m\u00e9s petites, establir relacions i construir solucions pas a pas. Aquest enfocament facilita la comprensi\u00f3 de conceptes clau i afavoreix un aprenentatge m\u00e9s profund i durador.<\/p>\n<p>Les activitats es desenvolupen principalment a\u00a0<strong>cicle superior<\/strong>\u00a0i combinen matem\u00e0tiques amb propostes pr\u00e0ctiques, manipulatives i, en alguns casos, amb programaci\u00f3 o rob\u00f2tica educativa. L\u2019alumnat esdev\u00e9 protagonista del seu aprenentatge, experimentant, debatent i reflexionant sobre els processos seguits.<\/p>\n<p>El projecte compta amb el suport d\u2019una\u00a0<strong>persona mentora PCMAT<\/strong>, que acompanya el professorat en la planificaci\u00f3 i implementaci\u00f3 de les activitats, adaptant-les a la realitat i al projecte educatiu del centre.<\/p>\n<p>Amb el PCMAT, l\u2019Escola Esteve Barrachina aposta per unes\u00a0<strong>matem\u00e0tiques m\u00e9s vives, comprensibles i connectades amb les compet\u00e8ncies del futur<\/strong>.<\/p>\n<p><a href=\"https:\/\/agora.xtec.cat\/escolaestevebarrachina\/wp-content\/uploads\/usu1360\/2025\/12\/WhatsApp-Image-2025-12-16-at-16.09.43-rotated.jpeg\"><img loading=\"lazy\" decoding=\"async\" class=\"aligncenter size-large wp-image-12239\" src=\"https:\/\/agora.xtec.cat\/escolaestevebarrachina\/wp-content\/uploads\/usu1360\/2025\/12\/WhatsApp-Image-2025-12-16-at-16.09.43-1024x768.jpeg\" alt=\"\" width=\"1024\" height=\"768\" srcset=\"https:\/\/agora.xtec.cat\/escolaestevebarrachina\/wp-content\/uploads\/usu1360\/2025\/12\/WhatsApp-Image-2025-12-16-at-16.09.43-1024x768.jpeg 1024w, https:\/\/agora.xtec.cat\/escolaestevebarrachina\/wp-content\/uploads\/usu1360\/2025\/12\/WhatsApp-Image-2025-12-16-at-16.09.43-300x225.jpeg 300w, https:\/\/agora.xtec.cat\/escolaestevebarrachina\/wp-content\/uploads\/usu1360\/2025\/12\/WhatsApp-Image-2025-12-16-at-16.09.43-768x576.jpeg 768w, https:\/\/agora.xtec.cat\/escolaestevebarrachina\/wp-content\/uploads\/usu1360\/2025\/12\/WhatsApp-Image-2025-12-16-at-16.09.43-1536x1152.jpeg 1536w, https:\/\/agora.xtec.cat\/escolaestevebarrachina\/wp-content\/uploads\/usu1360\/2025\/12\/WhatsApp-Image-2025-12-16-at-16.09.43-200x150.jpeg 200w, https:\/\/agora.xtec.cat\/escolaestevebarrachina\/wp-content\/uploads\/usu1360\/2025\/12\/WhatsApp-Image-2025-12-16-at-16.09.43-rotated.jpeg 1600w\" sizes=\"auto, (max-width: 1024px) 100vw, 1024px\" \/><\/a><\/p>\n<\/div>\n<div><\/div>\n","protected":false},"excerpt":{"rendered":"<p>Descobrir les matem\u00e0tiques des d\u2019una mirada nova: projecte PCMAT<br \/>\nAquest curs, l\u2019Escola\u00a0Esteve Barrachina\u00a0participa en el projecte\u00a0PCMAT (Pensament Computacional i Matem\u00e0tiques), una iniciativa que ens convida a repensar com aprenem i ensenyem matem\u00e0tiques a l\u2019aula. El projecte posa el focus no nom\u00e9s en els continguts, sin\u00f3 en\u00a0com&hellip;  <a href=\"https:\/\/agora.xtec.cat\/escolaestevebarrachina\/general\/descobrir-les-matematiques-des-duna-mirada-nova-projecte-pcmat\/\" title=\"Read Descobrir les matem\u00e0tiques des d\u2019una mirada nova: projecte PCMAT\">Llegeix m\u00e9s\u00bb<\/a><\/p>\n","protected":false},"author":8,"featured_media":12239,"comment_status":"open","ping_status":"open","sticky":true,"template":"","format":"standard","meta":{"_bbp_topic_count":0,"_bbp_reply_count":0,"_bbp_total_topic_count":0,"_bbp_total_reply_count":0,"_bbp_voice_count":0,"_bbp_anonymous_reply_count":0,"_bbp_topic_count_hidden":0,"_bbp_reply_count_hidden":0,"_bbp_forum_subforum_count":0,"footnotes":""},"categories":[5,85,1,4],"tags":[],"class_list":["post-12237","post","type-post","status-publish","format-standard","has-post-thumbnail","hentry","category-escola","category-escola-estebe-barrachina","category-general","category-portada"],"post_mailing_queue_ids":[],"_links":{"self":[{"href":"https:\/\/agora.xtec.cat\/escolaestevebarrachina\/wp-json\/wp\/v2\/posts\/12237","targetHints":{"allow":["GET"]}}],"collection":[{"href":"https:\/\/agora.xtec.cat\/escolaestevebarrachina\/wp-json\/wp\/v2\/posts"}],"about":[{"href":"https:\/\/agora.xtec.cat\/escolaestevebarrachina\/wp-json\/wp\/v2\/types\/post"}],"author":[{"embeddable":true,"href":"https:\/\/agora.xtec.cat\/escolaestevebarrachina\/wp-json\/wp\/v2\/users\/8"}],"replies":[{"embeddable":true,"href":"https:\/\/agora.xtec.cat\/escolaestevebarrachina\/wp-json\/wp\/v2\/comments?post=12237"}],"version-history":[{"count":2,"href":"https:\/\/agora.xtec.cat\/escolaestevebarrachina\/wp-json\/wp\/v2\/posts\/12237\/revisions"}],"predecessor-version":[{"id":12241,"href":"https:\/\/agora.xtec.cat\/escolaestevebarrachina\/wp-json\/wp\/v2\/posts\/12237\/revisions\/12241"}],"wp:featuredmedia":[{"embeddable":true,"href":"https:\/\/agora.xtec.cat\/escolaestevebarrachina\/wp-json\/wp\/v2\/media\/12239"}],"wp:attachment":[{"href":"https:\/\/agora.xtec.cat\/escolaestevebarrachina\/wp-json\/wp\/v2\/media?parent=12237"}],"wp:term":[{"taxonomy":"category","embeddable":true,"href":"https:\/\/agora.xtec.cat\/escolaestevebarrachina\/wp-json\/wp\/v2\/categories?post=12237"},{"taxonomy":"post_tag","embeddable":true,"href":"https:\/\/agora.xtec.cat\/escolaestevebarrachina\/wp-json\/wp\/v2\/tags?post=12237"}],"curies":[{"name":"wp","href":"https:\/\/api.w.org\/{rel}","templated":true}]}}