{"id":12215,"date":"2025-09-06T14:16:23","date_gmt":"2025-09-06T12:16:23","guid":{"rendered":"https:\/\/agora.xtec.cat\/escolaestevebarrachina\/?p=12215"},"modified":"2025-09-06T14:19:20","modified_gmt":"2025-09-06T12:19:20","slug":"renaturalitzacio-del-pati-de-lescola","status":"publish","type":"post","link":"https:\/\/agora.xtec.cat\/escolaestevebarrachina\/general\/renaturalitzacio-del-pati-de-lescola\/","title":{"rendered":"RENATURALITZACI\u00d3 DEL PATI DE L&#8217;ESCOLA"},"content":{"rendered":"<p><img loading=\"lazy\" decoding=\"async\" class=\"size-full wp-image-12216\" src=\"https:\/\/agora.xtec.cat\/escolaestevebarrachina\/wp-content\/uploads\/usu1360\/2025\/09\/IMG_20250906_125022.jpg\" alt=\"\" width=\"1024\" height=\"768\" srcset=\"https:\/\/agora.xtec.cat\/escolaestevebarrachina\/wp-content\/uploads\/usu1360\/2025\/09\/IMG_20250906_125022.jpg 1024w, https:\/\/agora.xtec.cat\/escolaestevebarrachina\/wp-content\/uploads\/usu1360\/2025\/09\/IMG_20250906_125022-300x225.jpg 300w, https:\/\/agora.xtec.cat\/escolaestevebarrachina\/wp-content\/uploads\/usu1360\/2025\/09\/IMG_20250906_125022-768x576.jpg 768w, https:\/\/agora.xtec.cat\/escolaestevebarrachina\/wp-content\/uploads\/usu1360\/2025\/09\/IMG_20250906_125022-200x150.jpg 200w\" sizes=\"auto, (max-width: 1024px) 100vw, 1024px\" \/><\/p>\n<p>Tota la comunitat educativa de l&#8217;escola, volem fer un agra\u00efment molt especial a l&#8217;Ajuntament de Sitges i concretament, a la Carme Gasulla com a regidora d&#8217;Educaci\u00f3 i regidora d&#8217;Acci\u00f3 ambiental, transici\u00f3 energ\u00e8tica i espais naturals i als seus t\u00e8cnics: Imma Robert, Merc\u00e8 Muntaner i Ricard Vicente per haver-nos fet aquesta obra tant necess\u00e0ria pel nostre pati, oferint espais m\u00e9s verds i un entorn m\u00e9s amable pel nostre alumnat.<\/p>\n<p>Segur que el nostres alumnes el gaudiran molt!<\/p>\n<p><img loading=\"lazy\" decoding=\"async\" class=\"alignleft wp-image-12217 size-medium\" src=\"https:\/\/agora.xtec.cat\/escolaestevebarrachina\/wp-content\/uploads\/usu1360\/2025\/09\/IMG_20250906_125041-300x225.jpg\" alt=\"\" width=\"300\" height=\"225\" srcset=\"https:\/\/agora.xtec.cat\/escolaestevebarrachina\/wp-content\/uploads\/usu1360\/2025\/09\/IMG_20250906_125041-300x225.jpg 300w, https:\/\/agora.xtec.cat\/escolaestevebarrachina\/wp-content\/uploads\/usu1360\/2025\/09\/IMG_20250906_125041-768x576.jpg 768w, https:\/\/agora.xtec.cat\/escolaestevebarrachina\/wp-content\/uploads\/usu1360\/2025\/09\/IMG_20250906_125041-200x150.jpg 200w, https:\/\/agora.xtec.cat\/escolaestevebarrachina\/wp-content\/uploads\/usu1360\/2025\/09\/IMG_20250906_125041.jpg 1024w\" sizes=\"auto, (max-width: 300px) 100vw, 300px\" \/><\/p>\n<p><img loading=\"lazy\" decoding=\"async\" class=\"alignright wp-image-12219 size-medium\" src=\"https:\/\/agora.xtec.cat\/escolaestevebarrachina\/wp-content\/uploads\/usu1360\/2025\/09\/IMG_20250906_125148-300x225.jpg\" alt=\"\" width=\"300\" height=\"225\" srcset=\"https:\/\/agora.xtec.cat\/escolaestevebarrachina\/wp-content\/uploads\/usu1360\/2025\/09\/IMG_20250906_125148-300x225.jpg 300w, https:\/\/agora.xtec.cat\/escolaestevebarrachina\/wp-content\/uploads\/usu1360\/2025\/09\/IMG_20250906_125148-768x576.jpg 768w, https:\/\/agora.xtec.cat\/escolaestevebarrachina\/wp-content\/uploads\/usu1360\/2025\/09\/IMG_20250906_125148-200x150.jpg 200w, https:\/\/agora.xtec.cat\/escolaestevebarrachina\/wp-content\/uploads\/usu1360\/2025\/09\/IMG_20250906_125148.jpg 1024w\" sizes=\"auto, (max-width: 300px) 100vw, 300px\" \/><\/p>\n<p><img loading=\"lazy\" decoding=\"async\" class=\"alignleft wp-image-12218 size-medium\" src=\"https:\/\/agora.xtec.cat\/escolaestevebarrachina\/wp-content\/uploads\/usu1360\/2025\/09\/IMG_20250906_125121-300x225.jpg\" alt=\"\" width=\"300\" height=\"225\" srcset=\"https:\/\/agora.xtec.cat\/escolaestevebarrachina\/wp-content\/uploads\/usu1360\/2025\/09\/IMG_20250906_125121-300x225.jpg 300w, https:\/\/agora.xtec.cat\/escolaestevebarrachina\/wp-content\/uploads\/usu1360\/2025\/09\/IMG_20250906_125121-768x576.jpg 768w, https:\/\/agora.xtec.cat\/escolaestevebarrachina\/wp-content\/uploads\/usu1360\/2025\/09\/IMG_20250906_125121-200x150.jpg 200w, https:\/\/agora.xtec.cat\/escolaestevebarrachina\/wp-content\/uploads\/usu1360\/2025\/09\/IMG_20250906_125121.jpg 1024w\" sizes=\"auto, (max-width: 300px) 100vw, 300px\" \/><\/p>\n<p><img loading=\"lazy\" decoding=\"async\" class=\"alignright wp-image-12220 size-medium\" src=\"https:\/\/agora.xtec.cat\/escolaestevebarrachina\/wp-content\/uploads\/usu1360\/2025\/09\/IMG_20250906_125204-1--300x225.jpg\" alt=\"\" width=\"300\" height=\"225\" srcset=\"https:\/\/agora.xtec.cat\/escolaestevebarrachina\/wp-content\/uploads\/usu1360\/2025\/09\/IMG_20250906_125204-1--300x225.jpg 300w, https:\/\/agora.xtec.cat\/escolaestevebarrachina\/wp-content\/uploads\/usu1360\/2025\/09\/IMG_20250906_125204-1--768x576.jpg 768w, https:\/\/agora.xtec.cat\/escolaestevebarrachina\/wp-content\/uploads\/usu1360\/2025\/09\/IMG_20250906_125204-1--200x150.jpg 200w, https:\/\/agora.xtec.cat\/escolaestevebarrachina\/wp-content\/uploads\/usu1360\/2025\/09\/IMG_20250906_125204-1-.jpg 1024w\" sizes=\"auto, (max-width: 300px) 100vw, 300px\" \/><\/p>\n","protected":false},"excerpt":{"rendered":"<p>Tota la comunitat educativa de l&#8217;escola, volem fer un agra\u00efment molt especial a l&#8217;Ajuntament de Sitges i concretament, a la Carme Gasulla com a regidora d&#8217;Educaci\u00f3 i regidora d&#8217;Acci\u00f3 ambiental, transici\u00f3 energ\u00e8tica i espais naturals i als seus t\u00e8cnics: Imma Robert, Merc\u00e8 Muntaner i Ricard&hellip;  <a href=\"https:\/\/agora.xtec.cat\/escolaestevebarrachina\/general\/renaturalitzacio-del-pati-de-lescola\/\" title=\"Read RENATURALITZACI\u00d3 DEL PATI DE L&#8217;ESCOLA\">Llegeix m\u00e9s\u00bb<\/a><\/p>\n","protected":false},"author":1,"featured_media":0,"comment_status":"open","ping_status":"open","sticky":true,"template":"","format":"standard","meta":{"_bbp_topic_count":0,"_bbp_reply_count":0,"_bbp_total_topic_count":0,"_bbp_total_reply_count":0,"_bbp_voice_count":0,"_bbp_anonymous_reply_count":0,"_bbp_topic_count_hidden":0,"_bbp_reply_count_hidden":0,"_bbp_forum_subforum_count":0,"footnotes":""},"categories":[85,1,4],"tags":[],"class_list":["post-12215","post","type-post","status-publish","format-standard","hentry","category-escola-estebe-barrachina","category-general","category-portada"],"post_mailing_queue_ids":[],"_links":{"self":[{"href":"https:\/\/agora.xtec.cat\/escolaestevebarrachina\/wp-json\/wp\/v2\/posts\/12215","targetHints":{"allow":["GET"]}}],"collection":[{"href":"https:\/\/agora.xtec.cat\/escolaestevebarrachina\/wp-json\/wp\/v2\/posts"}],"about":[{"href":"https:\/\/agora.xtec.cat\/escolaestevebarrachina\/wp-json\/wp\/v2\/types\/post"}],"author":[{"embeddable":true,"href":"https:\/\/agora.xtec.cat\/escolaestevebarrachina\/wp-json\/wp\/v2\/users\/1"}],"replies":[{"embeddable":true,"href":"https:\/\/agora.xtec.cat\/escolaestevebarrachina\/wp-json\/wp\/v2\/comments?post=12215"}],"version-history":[{"count":5,"href":"https:\/\/agora.xtec.cat\/escolaestevebarrachina\/wp-json\/wp\/v2\/posts\/12215\/revisions"}],"predecessor-version":[{"id":12225,"href":"https:\/\/agora.xtec.cat\/escolaestevebarrachina\/wp-json\/wp\/v2\/posts\/12215\/revisions\/12225"}],"wp:attachment":[{"href":"https:\/\/agora.xtec.cat\/escolaestevebarrachina\/wp-json\/wp\/v2\/media?parent=12215"}],"wp:term":[{"taxonomy":"category","embeddable":true,"href":"https:\/\/agora.xtec.cat\/escolaestevebarrachina\/wp-json\/wp\/v2\/categories?post=12215"},{"taxonomy":"post_tag","embeddable":true,"href":"https:\/\/agora.xtec.cat\/escolaestevebarrachina\/wp-json\/wp\/v2\/tags?post=12215"}],"curies":[{"name":"wp","href":"https:\/\/api.w.org\/{rel}","templated":true}]}}