{"id":12099,"date":"2024-06-10T10:26:49","date_gmt":"2024-06-10T08:26:49","guid":{"rendered":"https:\/\/agora.xtec.cat\/escolaestevebarrachina\/?p=12099"},"modified":"2024-06-10T10:27:14","modified_gmt":"2024-06-10T08:27:14","slug":"llistat-dadmesos-i-llista-despera","status":"publish","type":"post","link":"https:\/\/agora.xtec.cat\/escolaestevebarrachina\/general\/llistat-dadmesos-i-llista-despera\/","title":{"rendered":"LLISTAT D&#8217;ADMESOS I LLISTA D&#8217;ESPERA"},"content":{"rendered":"<p><img loading=\"lazy\" decoding=\"async\" class=\"aligncenter size-full wp-image-12102\" src=\"https:\/\/agora.xtec.cat\/escolaestevebarrachina\/wp-content\/uploads\/usu1360\/2024\/06\/INFORME_ASSIGNADES-1_page-0001.jpg\" alt=\"\" width=\"1275\" height=\"1332\" srcset=\"https:\/\/agora.xtec.cat\/escolaestevebarrachina\/wp-content\/uploads\/usu1360\/2024\/06\/INFORME_ASSIGNADES-1_page-0001.jpg 1275w, https:\/\/agora.xtec.cat\/escolaestevebarrachina\/wp-content\/uploads\/usu1360\/2024\/06\/INFORME_ASSIGNADES-1_page-0001-287x300.jpg 287w, https:\/\/agora.xtec.cat\/escolaestevebarrachina\/wp-content\/uploads\/usu1360\/2024\/06\/INFORME_ASSIGNADES-1_page-0001-980x1024.jpg 980w, https:\/\/agora.xtec.cat\/escolaestevebarrachina\/wp-content\/uploads\/usu1360\/2024\/06\/INFORME_ASSIGNADES-1_page-0001-768x802.jpg 768w\" sizes=\"auto, (max-width: 1275px) 100vw, 1275px\" \/><\/p>\n<p>&nbsp;<\/p>\n<p><img loading=\"lazy\" decoding=\"async\" class=\"aligncenter size-full wp-image-12103\" src=\"https:\/\/agora.xtec.cat\/escolaestevebarrachina\/wp-content\/uploads\/usu1360\/2024\/06\/INFORME_ASSIGNADES-1_page-0002.jpg\" alt=\"\" width=\"1275\" height=\"1002\" srcset=\"https:\/\/agora.xtec.cat\/escolaestevebarrachina\/wp-content\/uploads\/usu1360\/2024\/06\/INFORME_ASSIGNADES-1_page-0002.jpg 1275w, https:\/\/agora.xtec.cat\/escolaestevebarrachina\/wp-content\/uploads\/usu1360\/2024\/06\/INFORME_ASSIGNADES-1_page-0002-300x236.jpg 300w, https:\/\/agora.xtec.cat\/escolaestevebarrachina\/wp-content\/uploads\/usu1360\/2024\/06\/INFORME_ASSIGNADES-1_page-0002-1024x805.jpg 1024w, https:\/\/agora.xtec.cat\/escolaestevebarrachina\/wp-content\/uploads\/usu1360\/2024\/06\/INFORME_ASSIGNADES-1_page-0002-768x604.jpg 768w\" sizes=\"auto, (max-width: 1275px) 100vw, 1275px\" \/><\/p>\n<p>&nbsp;<\/p>\n<p><img loading=\"lazy\" decoding=\"async\" class=\"aligncenter size-full wp-image-12104\" src=\"https:\/\/agora.xtec.cat\/escolaestevebarrachina\/wp-content\/uploads\/usu1360\/2024\/06\/INFORME_LLISTA_ESPERA_page-0001.jpg\" alt=\"\" width=\"1275\" height=\"1322\" srcset=\"https:\/\/agora.xtec.cat\/escolaestevebarrachina\/wp-content\/uploads\/usu1360\/2024\/06\/INFORME_LLISTA_ESPERA_page-0001.jpg 1275w, https:\/\/agora.xtec.cat\/escolaestevebarrachina\/wp-content\/uploads\/usu1360\/2024\/06\/INFORME_LLISTA_ESPERA_page-0001-289x300.jpg 289w, https:\/\/agora.xtec.cat\/escolaestevebarrachina\/wp-content\/uploads\/usu1360\/2024\/06\/INFORME_LLISTA_ESPERA_page-0001-988x1024.jpg 988w, https:\/\/agora.xtec.cat\/escolaestevebarrachina\/wp-content\/uploads\/usu1360\/2024\/06\/INFORME_LLISTA_ESPERA_page-0001-768x796.jpg 768w\" sizes=\"auto, (max-width: 1275px) 100vw, 1275px\" \/><\/p>\n<p><img loading=\"lazy\" decoding=\"async\" class=\"aligncenter size-full wp-image-12105\" src=\"https:\/\/agora.xtec.cat\/escolaestevebarrachina\/wp-content\/uploads\/usu1360\/2024\/06\/INFORME_LLISTA_ESPERA_page-0002.jpg\" alt=\"\" width=\"1275\" height=\"260\" srcset=\"https:\/\/agora.xtec.cat\/escolaestevebarrachina\/wp-content\/uploads\/usu1360\/2024\/06\/INFORME_LLISTA_ESPERA_page-0002.jpg 1275w, https:\/\/agora.xtec.cat\/escolaestevebarrachina\/wp-content\/uploads\/usu1360\/2024\/06\/INFORME_LLISTA_ESPERA_page-0002-300x61.jpg 300w, https:\/\/agora.xtec.cat\/escolaestevebarrachina\/wp-content\/uploads\/usu1360\/2024\/06\/INFORME_LLISTA_ESPERA_page-0002-1024x209.jpg 1024w, https:\/\/agora.xtec.cat\/escolaestevebarrachina\/wp-content\/uploads\/usu1360\/2024\/06\/INFORME_LLISTA_ESPERA_page-0002-768x157.jpg 768w\" sizes=\"auto, (max-width: 1275px) 100vw, 1275px\" \/><\/p>\n<p>I<strong>MPORTANT EN EL CAS QUE VULGUEU FER ALGUNA RECLAMACI\u00d3:<\/strong><\/p>\n<p>A partir de dem\u00e0 11 de juny i fins el dijous 13 de juny s&#8217;obre un per\u00edode de reclamacions mitjan\u00e7ant el portal de preinscripci\u00f3, a l&#8217;apartat corresponent (tramitador gen\u00e8ric de reclamacions).<\/p>\n<p>Aquest \u00e9s l&#8217;enlla\u00e7:\u00a0<a href=\"https:\/\/educacio.gencat.cat\/ca\/tramits\/tramits-temes\/reclamacions-assignacions-preinscripcio-obligatoris?category=74447ed8-a82c-11e3-a972-000c29052e2c\">https:\/\/educacio.gencat.cat\/ca\/tramits\/tramits-temes\/reclamacions-assignacions-preinscripcio-obligatoris?category=74447ed8-a82c-11e3-a972-000c29052e2c<\/a><\/p>\n<p>Si no disposeu de certificat digital o algun altre mitj\u00e0 de validaci\u00f3 personal us podeu adre\u00e7ar a l&#8217;OME (Oficina Municipal d&#8217;escolaritzaci\u00f3) o a la nostra escola.<\/p>\n<p>En cas que vulgueu fer una nova petici\u00f3 us heu de dirigir a l&#8217;OME o b\u00e9 a l&#8217;aplicaci\u00f3 de GEA (noves peticions curs 24-25) per\u00f2 aquestes peticions no es resoldran fins el juliol, un cop finalitzat el per\u00edode de matr\u00edcules.<\/p>\n","protected":false},"excerpt":{"rendered":"<p>&nbsp;<\/p>\n<p>&nbsp;<\/p>\n<p>IMPORTANT EN EL CAS QUE VULGUEU FER ALGUNA RECLAMACI\u00d3:<br \/>\nA partir de dem\u00e0 11 de juny i fins el dijous 13 de juny s&#8217;obre un per\u00edode de reclamacions mitjan\u00e7ant el portal de preinscripci\u00f3, a l&#8217;apartat corresponent (tramitador gen\u00e8ric de reclamacions).<br \/>\nAquest \u00e9s l&#8217;enlla\u00e7:\u00a0<a href=\"https:\/\/educacio.gencat.cat\/ca\/tramits\/tramits-temes\/reclamacions-assignacions-preinscripcio-obligatoris?category=74447ed8-a82c-11e3-a972-000c29052e2c\">https:\/\/educacio.gencat.cat\/ca\/tramits\/tramits-temes\/reclamacions-assignacions-preinscripcio-obligatoris?category=74447ed8-a82c-11e3-a972-000c29052e2c<\/a><br \/>\nSi no disposeu de&hellip;  <a href=\"https:\/\/agora.xtec.cat\/escolaestevebarrachina\/general\/llistat-dadmesos-i-llista-despera\/\" title=\"Read LLISTAT D&#8217;ADMESOS I LLISTA D&#8217;ESPERA\">Llegeix m\u00e9s\u00bb<\/a><\/p>\n","protected":false},"author":1,"featured_media":0,"comment_status":"open","ping_status":"closed","sticky":true,"template":"","format":"standard","meta":{"_bbp_topic_count":0,"_bbp_reply_count":0,"_bbp_total_topic_count":0,"_bbp_total_reply_count":0,"_bbp_voice_count":0,"_bbp_anonymous_reply_count":0,"_bbp_topic_count_hidden":0,"_bbp_reply_count_hidden":0,"_bbp_forum_subforum_count":0,"footnotes":""},"categories":[85,1,4],"tags":[],"class_list":["post-12099","post","type-post","status-publish","format-standard","hentry","category-escola-estebe-barrachina","category-general","category-portada"],"post_mailing_queue_ids":[],"_links":{"self":[{"href":"https:\/\/agora.xtec.cat\/escolaestevebarrachina\/wp-json\/wp\/v2\/posts\/12099","targetHints":{"allow":["GET"]}}],"collection":[{"href":"https:\/\/agora.xtec.cat\/escolaestevebarrachina\/wp-json\/wp\/v2\/posts"}],"about":[{"href":"https:\/\/agora.xtec.cat\/escolaestevebarrachina\/wp-json\/wp\/v2\/types\/post"}],"author":[{"embeddable":true,"href":"https:\/\/agora.xtec.cat\/escolaestevebarrachina\/wp-json\/wp\/v2\/users\/1"}],"replies":[{"embeddable":true,"href":"https:\/\/agora.xtec.cat\/escolaestevebarrachina\/wp-json\/wp\/v2\/comments?post=12099"}],"version-history":[{"count":3,"href":"https:\/\/agora.xtec.cat\/escolaestevebarrachina\/wp-json\/wp\/v2\/posts\/12099\/revisions"}],"predecessor-version":[{"id":12106,"href":"https:\/\/agora.xtec.cat\/escolaestevebarrachina\/wp-json\/wp\/v2\/posts\/12099\/revisions\/12106"}],"wp:attachment":[{"href":"https:\/\/agora.xtec.cat\/escolaestevebarrachina\/wp-json\/wp\/v2\/media?parent=12099"}],"wp:term":[{"taxonomy":"category","embeddable":true,"href":"https:\/\/agora.xtec.cat\/escolaestevebarrachina\/wp-json\/wp\/v2\/categories?post=12099"},{"taxonomy":"post_tag","embeddable":true,"href":"https:\/\/agora.xtec.cat\/escolaestevebarrachina\/wp-json\/wp\/v2\/tags?post=12099"}],"curies":[{"name":"wp","href":"https:\/\/api.w.org\/{rel}","templated":true}]}}