{"id":12071,"date":"2024-04-17T11:10:58","date_gmt":"2024-04-17T09:10:58","guid":{"rendered":"https:\/\/agora.xtec.cat\/escolaestevebarrachina\/?p=12071"},"modified":"2024-04-18T14:44:12","modified_gmt":"2024-04-18T12:44:12","slug":"festa-de-la-diversitat-soc-com-soc-i-magrada","status":"publish","type":"post","link":"https:\/\/agora.xtec.cat\/escolaestevebarrachina\/general\/festa-de-la-diversitat-soc-com-soc-i-magrada\/","title":{"rendered":"FESTA DE LA DIVERSITAT: S\u00d3C COM S\u00d3C I M&#8217;AGRADA!"},"content":{"rendered":"<p>Si voleu passar un mat\u00ed diferent, veniu a la nostra escola aquest dissabte 20 d&#8217;abril.<\/p>\n<p>La festa \u00e9s oberta a tothom que hi vulgui participar i col\u00b7laborar!<\/p>\n<p><img loading=\"lazy\" decoding=\"async\" class=\"aligncenter size-full wp-image-12075\" src=\"https:\/\/agora.xtec.cat\/escolaestevebarrachina\/wp-content\/uploads\/usu1360\/2024\/04\/WhatsApp-Image-2024-04-18-at-13.26.46-1.jpeg\" alt=\"\" width=\"1131\" height=\"1600\" srcset=\"https:\/\/agora.xtec.cat\/escolaestevebarrachina\/wp-content\/uploads\/usu1360\/2024\/04\/WhatsApp-Image-2024-04-18-at-13.26.46-1.jpeg 1131w, https:\/\/agora.xtec.cat\/escolaestevebarrachina\/wp-content\/uploads\/usu1360\/2024\/04\/WhatsApp-Image-2024-04-18-at-13.26.46-1-212x300.jpeg 212w, https:\/\/agora.xtec.cat\/escolaestevebarrachina\/wp-content\/uploads\/usu1360\/2024\/04\/WhatsApp-Image-2024-04-18-at-13.26.46-1-724x1024.jpeg 724w, https:\/\/agora.xtec.cat\/escolaestevebarrachina\/wp-content\/uploads\/usu1360\/2024\/04\/WhatsApp-Image-2024-04-18-at-13.26.46-1-768x1086.jpeg 768w, https:\/\/agora.xtec.cat\/escolaestevebarrachina\/wp-content\/uploads\/usu1360\/2024\/04\/WhatsApp-Image-2024-04-18-at-13.26.46-1-1086x1536.jpeg 1086w\" sizes=\"auto, (max-width: 1131px) 100vw, 1131px\" \/><\/p>\n","protected":false},"excerpt":{"rendered":"<p>Si voleu passar un mat\u00ed diferent, veniu a la nostra escola aquest dissabte 20 d&#8217;abril.<br \/>\nLa festa \u00e9s oberta a tothom que hi vulgui participar i col\u00b7laborar!<\/p>\n","protected":false},"author":1,"featured_media":0,"comment_status":"open","ping_status":"closed","sticky":true,"template":"","format":"standard","meta":{"_bbp_topic_count":0,"_bbp_reply_count":0,"_bbp_total_topic_count":0,"_bbp_total_reply_count":0,"_bbp_voice_count":0,"_bbp_anonymous_reply_count":0,"_bbp_topic_count_hidden":0,"_bbp_reply_count_hidden":0,"_bbp_forum_subforum_count":0,"footnotes":""},"categories":[85,1,4],"tags":[],"class_list":["post-12071","post","type-post","status-publish","format-standard","hentry","category-escola-estebe-barrachina","category-general","category-portada"],"post_mailing_queue_ids":[],"_links":{"self":[{"href":"https:\/\/agora.xtec.cat\/escolaestevebarrachina\/wp-json\/wp\/v2\/posts\/12071","targetHints":{"allow":["GET"]}}],"collection":[{"href":"https:\/\/agora.xtec.cat\/escolaestevebarrachina\/wp-json\/wp\/v2\/posts"}],"about":[{"href":"https:\/\/agora.xtec.cat\/escolaestevebarrachina\/wp-json\/wp\/v2\/types\/post"}],"author":[{"embeddable":true,"href":"https:\/\/agora.xtec.cat\/escolaestevebarrachina\/wp-json\/wp\/v2\/users\/1"}],"replies":[{"embeddable":true,"href":"https:\/\/agora.xtec.cat\/escolaestevebarrachina\/wp-json\/wp\/v2\/comments?post=12071"}],"version-history":[{"count":3,"href":"https:\/\/agora.xtec.cat\/escolaestevebarrachina\/wp-json\/wp\/v2\/posts\/12071\/revisions"}],"predecessor-version":[{"id":12076,"href":"https:\/\/agora.xtec.cat\/escolaestevebarrachina\/wp-json\/wp\/v2\/posts\/12071\/revisions\/12076"}],"wp:attachment":[{"href":"https:\/\/agora.xtec.cat\/escolaestevebarrachina\/wp-json\/wp\/v2\/media?parent=12071"}],"wp:term":[{"taxonomy":"category","embeddable":true,"href":"https:\/\/agora.xtec.cat\/escolaestevebarrachina\/wp-json\/wp\/v2\/categories?post=12071"},{"taxonomy":"post_tag","embeddable":true,"href":"https:\/\/agora.xtec.cat\/escolaestevebarrachina\/wp-json\/wp\/v2\/tags?post=12071"}],"curies":[{"name":"wp","href":"https:\/\/api.w.org\/{rel}","templated":true}]}}