{"id":11979,"date":"2023-06-19T11:30:33","date_gmt":"2023-06-19T09:30:33","guid":{"rendered":"https:\/\/agora.xtec.cat\/escolaestevebarrachina\/?p=11979"},"modified":"2023-06-19T11:32:15","modified_gmt":"2023-06-19T09:32:15","slug":"informacio-per-la-matriculacio","status":"publish","type":"post","link":"https:\/\/agora.xtec.cat\/escolaestevebarrachina\/general\/informacio-per-la-matriculacio\/","title":{"rendered":"INFORMACI\u00d3 PER LA MATRICULACI\u00d3"},"content":{"rendered":"<p>Recordeu que a\u00a0partir de dem\u00e0 dia 20 i fins el 28 de juny podreu fer la matr\u00edcula del vostre fill\/a a la nostra escola.<\/p>\n<p>Podeu passar per l&#8217;escola aquests dies de 9:30h a 13:30h i recollir, a l&#8217;administrativa del centre, tota la documentaci\u00f3 que haureu d&#8217;omplir i signar. Un cop ho tingueu tot degudament emplenat haureu de tornar la documentaci\u00f3 a l&#8217;escola.<\/p>\n<div>Sobre el pagament de les quotes escolars, a partir de la segona setmana de juliol us heu de descarregar l&#8217;aplicaci\u00f3 Dinantia on rebreu un missatge per poder fer el pagament. Aquesta aplicaci\u00f3 \u00e9s la via de comunicaci\u00f3 entre l&#8217;escola i les fam\u00edlies, per aix\u00f2, \u00e9s important que us la descarregueu.<\/div>\n<div><\/div>\n<div>Per altra banda, us informem que el dijous 29 de juny a les 13:00h farem una reuni\u00f3 per totes les fam\u00edlies d&#8217;I3. Esperem la vostra assist\u00e8ncia!<\/div>\n<div><\/div>\n<div><\/div>\n<div>Benvinguts al nostre centre!<\/div>\n<div><\/div>\n","protected":false},"excerpt":{"rendered":"<p>Recordeu que a\u00a0partir de dem\u00e0 dia 20 i fins el 28 de juny podreu fer la matr\u00edcula del vostre fill\/a a la nostra escola.<br \/>\nPodeu passar per l&#8217;escola aquests dies de 9:30h a 13:30h i recollir, a l&#8217;administrativa del centre, tota la documentaci\u00f3 que haureu d&#8217;omplir&hellip;  <a href=\"https:\/\/agora.xtec.cat\/escolaestevebarrachina\/general\/informacio-per-la-matriculacio\/\" title=\"Read INFORMACI\u00d3 PER LA MATRICULACI\u00d3\">Llegeix m\u00e9s\u00bb<\/a><\/p>\n","protected":false},"author":1,"featured_media":0,"comment_status":"open","ping_status":"closed","sticky":true,"template":"","format":"standard","meta":{"_bbp_topic_count":0,"_bbp_reply_count":0,"_bbp_total_topic_count":0,"_bbp_total_reply_count":0,"_bbp_voice_count":0,"_bbp_anonymous_reply_count":0,"_bbp_topic_count_hidden":0,"_bbp_reply_count_hidden":0,"_bbp_forum_subforum_count":0,"footnotes":""},"categories":[85,1,4],"tags":[],"class_list":["post-11979","post","type-post","status-publish","format-standard","hentry","category-escola-estebe-barrachina","category-general","category-portada"],"post_mailing_queue_ids":[],"_links":{"self":[{"href":"https:\/\/agora.xtec.cat\/escolaestevebarrachina\/wp-json\/wp\/v2\/posts\/11979","targetHints":{"allow":["GET"]}}],"collection":[{"href":"https:\/\/agora.xtec.cat\/escolaestevebarrachina\/wp-json\/wp\/v2\/posts"}],"about":[{"href":"https:\/\/agora.xtec.cat\/escolaestevebarrachina\/wp-json\/wp\/v2\/types\/post"}],"author":[{"embeddable":true,"href":"https:\/\/agora.xtec.cat\/escolaestevebarrachina\/wp-json\/wp\/v2\/users\/1"}],"replies":[{"embeddable":true,"href":"https:\/\/agora.xtec.cat\/escolaestevebarrachina\/wp-json\/wp\/v2\/comments?post=11979"}],"version-history":[{"count":3,"href":"https:\/\/agora.xtec.cat\/escolaestevebarrachina\/wp-json\/wp\/v2\/posts\/11979\/revisions"}],"predecessor-version":[{"id":11982,"href":"https:\/\/agora.xtec.cat\/escolaestevebarrachina\/wp-json\/wp\/v2\/posts\/11979\/revisions\/11982"}],"wp:attachment":[{"href":"https:\/\/agora.xtec.cat\/escolaestevebarrachina\/wp-json\/wp\/v2\/media?parent=11979"}],"wp:term":[{"taxonomy":"category","embeddable":true,"href":"https:\/\/agora.xtec.cat\/escolaestevebarrachina\/wp-json\/wp\/v2\/categories?post=11979"},{"taxonomy":"post_tag","embeddable":true,"href":"https:\/\/agora.xtec.cat\/escolaestevebarrachina\/wp-json\/wp\/v2\/tags?post=11979"}],"curies":[{"name":"wp","href":"https:\/\/api.w.org\/{rel}","templated":true}]}}