{"id":11924,"date":"2023-02-07T18:49:41","date_gmt":"2023-02-07T17:49:41","guid":{"rendered":"https:\/\/agora.xtec.cat\/escolaestevebarrachina\/?p=11924"},"modified":"2023-02-07T18:49:41","modified_gmt":"2023-02-07T17:49:41","slug":"3r-al-museu-cau-ferrat","status":"publish","type":"post","link":"https:\/\/agora.xtec.cat\/escolaestevebarrachina\/general\/3r-al-museu-cau-ferrat\/","title":{"rendered":"3r al Museu Cau Ferrat"},"content":{"rendered":"<p><a href=\"https:\/\/agora.xtec.cat\/escolaestevebarrachina\/wp-content\/uploads\/usu1360\/2023\/02\/MUSEU-CAU-FERRAT-1.jpg\"><img loading=\"lazy\" decoding=\"async\" class=\"aligncenter size-full wp-image-11925\" src=\"https:\/\/agora.xtec.cat\/escolaestevebarrachina\/wp-content\/uploads\/usu1360\/2023\/02\/MUSEU-CAU-FERRAT-1.jpg\" alt=\"\" width=\"799\" height=\"600\" srcset=\"https:\/\/agora.xtec.cat\/escolaestevebarrachina\/wp-content\/uploads\/usu1360\/2023\/02\/MUSEU-CAU-FERRAT-1.jpg 799w, https:\/\/agora.xtec.cat\/escolaestevebarrachina\/wp-content\/uploads\/usu1360\/2023\/02\/MUSEU-CAU-FERRAT-1-300x225.jpg 300w, https:\/\/agora.xtec.cat\/escolaestevebarrachina\/wp-content\/uploads\/usu1360\/2023\/02\/MUSEU-CAU-FERRAT-1-768x577.jpg 768w, https:\/\/agora.xtec.cat\/escolaestevebarrachina\/wp-content\/uploads\/usu1360\/2023\/02\/MUSEU-CAU-FERRAT-1-200x150.jpg 200w\" sizes=\"auto, (max-width: 799px) 100vw, 799px\" \/><\/a><\/p>\n<p>L\u2019alumnat de 3r han anat al Museu del Cau Ferrat a fer l\u2019activitat \u201cCerca i troba\u201d. Han fet una gimcana cultural pel museu per a aprendre a gaudir de les obres d\u2019art a trav\u00e9s del joc. La proposta ha consistit a cercar i trobar detalls en pintures, escultures, cer\u00e0mica, mobles i peces de vidre i ferro, completant la recerca amb explicacions hist\u00f2riques de l\u2019artista Santiago Rusi\u00f1ol i de l\u2019\u00e8poca en qu\u00e8 va viure. Les nenes i nens han gaudit de la visita tot cercant animals amagats, cer\u00e0miques, artistes famosos, ferros antics&#8230;, pintant com si fossin artistes i, fins i tot, cantant tots junts com una coral. Ha estat una visita molt interessant i divertida.<\/p>\n","protected":false},"excerpt":{"rendered":"<p><a href=\"https:\/\/agora.xtec.cat\/escolaestevebarrachina\/wp-content\/uploads\/usu1360\/2023\/02\/MUSEU-CAU-FERRAT-1.jpg\"><\/a><br \/>\nL\u2019alumnat de 3r han anat al Museu del Cau Ferrat a fer l\u2019activitat \u201cCerca i troba\u201d. Han fet una gimcana cultural pel museu per a aprendre a gaudir de les obres d\u2019art a trav\u00e9s del joc. La proposta ha consistit a cercar i trobar&hellip;  <a href=\"https:\/\/agora.xtec.cat\/escolaestevebarrachina\/general\/3r-al-museu-cau-ferrat\/\" title=\"Read 3r al Museu Cau Ferrat\">Llegeix m\u00e9s\u00bb<\/a><\/p>\n","protected":false},"author":1,"featured_media":0,"comment_status":"open","ping_status":"closed","sticky":false,"template":"","format":"standard","meta":{"_bbp_topic_count":0,"_bbp_reply_count":0,"_bbp_total_topic_count":0,"_bbp_total_reply_count":0,"_bbp_voice_count":0,"_bbp_anonymous_reply_count":0,"_bbp_topic_count_hidden":0,"_bbp_reply_count_hidden":0,"_bbp_forum_subforum_count":0,"footnotes":""},"categories":[84,86,5,1,4,145],"tags":[],"class_list":["post-11924","post","type-post","status-publish","format-standard","hentry","category-activitats-del-centre","category-blog","category-escola","category-general","category-portada","category-primaria"],"post_mailing_queue_ids":[],"_links":{"self":[{"href":"https:\/\/agora.xtec.cat\/escolaestevebarrachina\/wp-json\/wp\/v2\/posts\/11924","targetHints":{"allow":["GET"]}}],"collection":[{"href":"https:\/\/agora.xtec.cat\/escolaestevebarrachina\/wp-json\/wp\/v2\/posts"}],"about":[{"href":"https:\/\/agora.xtec.cat\/escolaestevebarrachina\/wp-json\/wp\/v2\/types\/post"}],"author":[{"embeddable":true,"href":"https:\/\/agora.xtec.cat\/escolaestevebarrachina\/wp-json\/wp\/v2\/users\/1"}],"replies":[{"embeddable":true,"href":"https:\/\/agora.xtec.cat\/escolaestevebarrachina\/wp-json\/wp\/v2\/comments?post=11924"}],"version-history":[{"count":1,"href":"https:\/\/agora.xtec.cat\/escolaestevebarrachina\/wp-json\/wp\/v2\/posts\/11924\/revisions"}],"predecessor-version":[{"id":11926,"href":"https:\/\/agora.xtec.cat\/escolaestevebarrachina\/wp-json\/wp\/v2\/posts\/11924\/revisions\/11926"}],"wp:attachment":[{"href":"https:\/\/agora.xtec.cat\/escolaestevebarrachina\/wp-json\/wp\/v2\/media?parent=11924"}],"wp:term":[{"taxonomy":"category","embeddable":true,"href":"https:\/\/agora.xtec.cat\/escolaestevebarrachina\/wp-json\/wp\/v2\/categories?post=11924"},{"taxonomy":"post_tag","embeddable":true,"href":"https:\/\/agora.xtec.cat\/escolaestevebarrachina\/wp-json\/wp\/v2\/tags?post=11924"}],"curies":[{"name":"wp","href":"https:\/\/api.w.org\/{rel}","templated":true}]}}