{"id":11909,"date":"2023-02-07T17:23:15","date_gmt":"2023-02-07T16:23:15","guid":{"rendered":"https:\/\/agora.xtec.cat\/escolaestevebarrachina\/?p=11909"},"modified":"2023-02-07T17:23:15","modified_gmt":"2023-02-07T16:23:15","slug":"mindfullness-a-i4","status":"publish","type":"post","link":"https:\/\/agora.xtec.cat\/escolaestevebarrachina\/general\/mindfullness-a-i4\/","title":{"rendered":"Mindfullness a I4"},"content":{"rendered":"<p><a href=\"https:\/\/agora.xtec.cat\/escolaestevebarrachina\/wp-content\/uploads\/usu1360\/2023\/02\/cdv_photo_1675694308.jpg\"><img loading=\"lazy\" decoding=\"async\" class=\"aligncenter size-full wp-image-11910\" src=\"https:\/\/agora.xtec.cat\/escolaestevebarrachina\/wp-content\/uploads\/usu1360\/2023\/02\/cdv_photo_1675694308.jpg\" alt=\"\" width=\"800\" height=\"600\" srcset=\"https:\/\/agora.xtec.cat\/escolaestevebarrachina\/wp-content\/uploads\/usu1360\/2023\/02\/cdv_photo_1675694308.jpg 800w, https:\/\/agora.xtec.cat\/escolaestevebarrachina\/wp-content\/uploads\/usu1360\/2023\/02\/cdv_photo_1675694308-300x225.jpg 300w, https:\/\/agora.xtec.cat\/escolaestevebarrachina\/wp-content\/uploads\/usu1360\/2023\/02\/cdv_photo_1675694308-768x576.jpg 768w, https:\/\/agora.xtec.cat\/escolaestevebarrachina\/wp-content\/uploads\/usu1360\/2023\/02\/cdv_photo_1675694308-200x150.jpg 200w\" sizes=\"auto, (max-width: 800px) 100vw, 800px\" \/><\/a><\/p>\n<p>A I4 hem rebut la visita de la Fada de la Calma, ens l&#8217;ha enviat l&#8217;Associaci\u00f3 Elna.<\/p>\n<p>Ens ha fet fer diferents activitats per ajudar-nos a expressar les nostres emocions i ens ha donat eines i recursos per aprendre a treballar la calma. Ens ho hem passat d&#8217;all\u00f2 m\u00e9s b\u00e9!<\/p>\n","protected":false},"excerpt":{"rendered":"<p><a href=\"https:\/\/agora.xtec.cat\/escolaestevebarrachina\/wp-content\/uploads\/usu1360\/2023\/02\/cdv_photo_1675694308.jpg\"><\/a><br \/>\nA I4 hem rebut la visita de la Fada de la Calma, ens l&#8217;ha enviat l&#8217;Associaci\u00f3 Elna.<br \/>\nEns ha fet fer diferents activitats per ajudar-nos a expressar les nostres emocions i ens ha donat eines i recursos per aprendre a treballar la calma. Ens ho&hellip;  <a href=\"https:\/\/agora.xtec.cat\/escolaestevebarrachina\/general\/mindfullness-a-i4\/\" title=\"Read Mindfullness a I4\">Llegeix m\u00e9s\u00bb<\/a><\/p>\n","protected":false},"author":1,"featured_media":0,"comment_status":"open","ping_status":"closed","sticky":false,"template":"","format":"standard","meta":{"_bbp_topic_count":0,"_bbp_reply_count":0,"_bbp_total_topic_count":0,"_bbp_total_reply_count":0,"_bbp_voice_count":0,"_bbp_anonymous_reply_count":0,"_bbp_topic_count_hidden":0,"_bbp_reply_count_hidden":0,"_bbp_forum_subforum_count":0,"footnotes":""},"categories":[84,86,5,1,4,145],"tags":[],"class_list":["post-11909","post","type-post","status-publish","format-standard","hentry","category-activitats-del-centre","category-blog","category-escola","category-general","category-portada","category-primaria"],"post_mailing_queue_ids":[],"_links":{"self":[{"href":"https:\/\/agora.xtec.cat\/escolaestevebarrachina\/wp-json\/wp\/v2\/posts\/11909","targetHints":{"allow":["GET"]}}],"collection":[{"href":"https:\/\/agora.xtec.cat\/escolaestevebarrachina\/wp-json\/wp\/v2\/posts"}],"about":[{"href":"https:\/\/agora.xtec.cat\/escolaestevebarrachina\/wp-json\/wp\/v2\/types\/post"}],"author":[{"embeddable":true,"href":"https:\/\/agora.xtec.cat\/escolaestevebarrachina\/wp-json\/wp\/v2\/users\/1"}],"replies":[{"embeddable":true,"href":"https:\/\/agora.xtec.cat\/escolaestevebarrachina\/wp-json\/wp\/v2\/comments?post=11909"}],"version-history":[{"count":1,"href":"https:\/\/agora.xtec.cat\/escolaestevebarrachina\/wp-json\/wp\/v2\/posts\/11909\/revisions"}],"predecessor-version":[{"id":11911,"href":"https:\/\/agora.xtec.cat\/escolaestevebarrachina\/wp-json\/wp\/v2\/posts\/11909\/revisions\/11911"}],"wp:attachment":[{"href":"https:\/\/agora.xtec.cat\/escolaestevebarrachina\/wp-json\/wp\/v2\/media?parent=11909"}],"wp:term":[{"taxonomy":"category","embeddable":true,"href":"https:\/\/agora.xtec.cat\/escolaestevebarrachina\/wp-json\/wp\/v2\/categories?post=11909"},{"taxonomy":"post_tag","embeddable":true,"href":"https:\/\/agora.xtec.cat\/escolaestevebarrachina\/wp-json\/wp\/v2\/tags?post=11909"}],"curies":[{"name":"wp","href":"https:\/\/api.w.org\/{rel}","templated":true}]}}