{"id":119,"date":"2009-03-12T09:57:36","date_gmt":"2009-03-12T08:57:36","guid":{"rendered":"http:\/\/blocs.xtec.cat\/ceipbarrachina\/2009\/03\/12\/mobilitzacions-densenyament\/"},"modified":"2009-03-12T09:57:36","modified_gmt":"2009-03-12T08:57:36","slug":"mobilitzacions-densenyament","status":"publish","type":"post","link":"https:\/\/agora.xtec.cat\/escolaestevebarrachina\/circulars\/mobilitzacions-densenyament\/","title":{"rendered":"MOBILITZACIONS D&#8217;ENSENYAMENT"},"content":{"rendered":"<p>Benvolguda fam\u00edlia:\u00a0<\/p>\n<p>Com b\u00e9 ja sabeu per informaci\u00f3 de tots els\u00a0 mitjans de comunicaci\u00f3, actualment s\u2019ha presentat, per debatre al parlament, el Projecte de llei d\u2019Educaci\u00f3 de Catalunya.Aquest projecte presentat no acaba de recollir ni tan sols alguns dels canvis aconseguits en l\u2019avantprojecte i que van en detriment del model de Servei P\u00fablic educatiu acordats en el Pacte Nacional d\u2019educaci\u00f3 . Aquest parlava de que tots els centres escolars sostinguts amb fons p\u00fablics, independentment de la seva titularitat, s\u2019havien d\u2019integrar en una \u00fanica xarxa de Servei P\u00fablic d\u2019Educaci\u00f3 \u00a0<\/p>\n<p>A m\u00e9s a m\u00e9s cal afegir la incapacitat del Departament, i espec\u00edficament del Conseller Maragall, a l\u2019hora de resoldre els problemes reals que plantegen avui els centres educatius: massificaci\u00f3 de les aules, d\u00e8ficit en les construccions escolars, professorat insuficient per a l\u2019escolaritzaci\u00f3.Aix\u00ed mateix el Departament est\u00e0 mostrant una manca absoluta de respecte per la negociaci\u00f3 col\u00b7lectiva, incomplint els acords signats amb els sindicats que empitjoren sensiblement les condicions de treball del professorat i no donen resposta al problemes reals de l\u2019educaci\u00f3: la proposta d\u2019hores extres, la modificaci\u00f3 del calendari escolar&#8230; s\u00f3n exemples de les ocurr\u00e8ncies d\u2019un Conseller que pren mesures unilaterals sense\u00a0 di\u00e0leg i el consens amb tots els col\u00b7lectius implicats.\u00a0<\/p>\n<p>Els motius pels quals es rebutja de manera contundent l\u2019increment de les hores extres al professorat s\u00f3n perqu\u00e8:<\/p>\n<p><font face=\"Times New Roman\">&#8211;\u00a0<\/font>\u00c9s considera una\u00a0 mesura mercantilista que pret\u00e9n estalviar en inversions a l\u2019escola p\u00fablica a costa de la reducci\u00f3 de plantilles i empitjora la tasca organitzativa i de coordinaci\u00f3 dels centres.<\/p>\n<p><font face=\"Times New Roman\">&#8211;\u00a0<\/font>Obre difer\u00e8ncies entre els membres dels equips docents.<\/p>\n<p><font face=\"Times New Roman\">&#8211;\u00a0\u00a0<\/font>Empitjora la qualitat de l\u2019ensenyament p\u00fablic, dificulta l\u2019atenci\u00f3 i la coordinaci\u00f3 amb les fam\u00edlies i disminueix la possibilitat de formaci\u00f3 del professorat.\u00a0<\/p>\n<p>Es per tot aix\u00f2\u00a0 que estan previstes tot un seguit de mobilitzacions per donar suport a\u00a0 un <strong>No rotund a la pol\u00edtica educativa del Departament d\u2019Educaci\u00f3<\/strong>:<strong>\u00a0<\/strong><strong> <\/strong><\/p>\n<p><font face=\"Trebuchet MS\"><strong>DIJOUS 12 DE MAR\u00c7<\/strong>\u00a0 Concentraci\u00f3 a 2\/4 de 6 de la tarda a la pla\u00e7a de la Vila de Vilanova i la Geltr\u00fa per tothom que vulgui manifestar-se en contra d\u2019aquesta pol\u00edtica educativa: pares, mares, docents..<\/font><strong>\u00a0<\/strong><\/p>\n<p><strong><strong>DIJOUS 19 DE MAR\u00c7<\/strong> hi ha una convocat\u00f2ria de vaga de tot el professorat de Catalunya. Ja us informarem degudament.\u00a0<\/strong><\/p>\n<p><strong>CLAUSTRE DEL PROFESSORAT<\/strong><\/p>\n","protected":false},"excerpt":{"rendered":"<p>Benvolguda fam\u00edlia:\u00a0<br \/>\nCom b\u00e9 ja sabeu per informaci\u00f3 de tots els\u00a0 mitjans de comunicaci\u00f3, actualment s\u2019ha presentat, per debatre al parlament, el Projecte de llei d\u2019Educaci\u00f3 de Catalunya.Aquest projecte presentat no acaba de recollir ni tan sols alguns dels canvis aconseguits en l\u2019avantprojecte i que van&hellip;  <a href=\"https:\/\/agora.xtec.cat\/escolaestevebarrachina\/circulars\/mobilitzacions-densenyament\/\" title=\"Read MOBILITZACIONS D&#8217;ENSENYAMENT\">Llegeix m\u00e9s\u00bb<\/a><\/p>\n","protected":false},"author":1,"featured_media":0,"comment_status":"open","ping_status":"closed","sticky":false,"template":"","format":"standard","meta":{"_bbp_topic_count":0,"_bbp_reply_count":0,"_bbp_total_topic_count":0,"_bbp_total_reply_count":0,"_bbp_voice_count":0,"_bbp_anonymous_reply_count":0,"_bbp_topic_count_hidden":0,"_bbp_reply_count_hidden":0,"_bbp_forum_subforum_count":0,"footnotes":""},"categories":[91],"tags":[],"class_list":["post-119","post","type-post","status-publish","format-standard","hentry","category-circulars"],"post_mailing_queue_ids":[],"_links":{"self":[{"href":"https:\/\/agora.xtec.cat\/escolaestevebarrachina\/wp-json\/wp\/v2\/posts\/119","targetHints":{"allow":["GET"]}}],"collection":[{"href":"https:\/\/agora.xtec.cat\/escolaestevebarrachina\/wp-json\/wp\/v2\/posts"}],"about":[{"href":"https:\/\/agora.xtec.cat\/escolaestevebarrachina\/wp-json\/wp\/v2\/types\/post"}],"author":[{"embeddable":true,"href":"https:\/\/agora.xtec.cat\/escolaestevebarrachina\/wp-json\/wp\/v2\/users\/1"}],"replies":[{"embeddable":true,"href":"https:\/\/agora.xtec.cat\/escolaestevebarrachina\/wp-json\/wp\/v2\/comments?post=119"}],"version-history":[{"count":0,"href":"https:\/\/agora.xtec.cat\/escolaestevebarrachina\/wp-json\/wp\/v2\/posts\/119\/revisions"}],"wp:attachment":[{"href":"https:\/\/agora.xtec.cat\/escolaestevebarrachina\/wp-json\/wp\/v2\/media?parent=119"}],"wp:term":[{"taxonomy":"category","embeddable":true,"href":"https:\/\/agora.xtec.cat\/escolaestevebarrachina\/wp-json\/wp\/v2\/categories?post=119"},{"taxonomy":"post_tag","embeddable":true,"href":"https:\/\/agora.xtec.cat\/escolaestevebarrachina\/wp-json\/wp\/v2\/tags?post=119"}],"curies":[{"name":"wp","href":"https:\/\/api.w.org\/{rel}","templated":true}]}}