{"id":11889,"date":"2023-02-04T21:45:48","date_gmt":"2023-02-04T20:45:48","guid":{"rendered":"https:\/\/agora.xtec.cat\/escolaestevebarrachina\/?p=11889"},"modified":"2023-02-04T21:45:48","modified_gmt":"2023-02-04T20:45:48","slug":"sortida-4t-sobre-la-prehistoria","status":"publish","type":"post","link":"https:\/\/agora.xtec.cat\/escolaestevebarrachina\/general\/sortida-4t-sobre-la-prehistoria\/","title":{"rendered":"Sortida 4t sobre la Prehist\u00f2ria"},"content":{"rendered":"<p><a href=\"https:\/\/agora.xtec.cat\/escolaestevebarrachina\/wp-content\/uploads\/usu1360\/2023\/02\/20230119_122602.heic\"><img loading=\"lazy\" decoding=\"async\" class=\"aligncenter size-large wp-image-11890\" src=\"https:\/\/agora.xtec.cat\/escolaestevebarrachina\/wp-content\/uploads\/usu1360\/2023\/02\/20230119_122602.heic\" alt=\"\" width=\"1\" height=\"1\" \/><\/a><a href=\"https:\/\/agora.xtec.cat\/escolaestevebarrachina\/wp-content\/uploads\/usu1360\/2023\/02\/IMG_20230119_115312-1-1.jpg\"><img loading=\"lazy\" decoding=\"async\" class=\"aligncenter size-full wp-image-11891\" src=\"https:\/\/agora.xtec.cat\/escolaestevebarrachina\/wp-content\/uploads\/usu1360\/2023\/02\/IMG_20230119_115312-1-1.jpg\" alt=\"\" width=\"1024\" height=\"460\" srcset=\"https:\/\/agora.xtec.cat\/escolaestevebarrachina\/wp-content\/uploads\/usu1360\/2023\/02\/IMG_20230119_115312-1-1.jpg 1024w, https:\/\/agora.xtec.cat\/escolaestevebarrachina\/wp-content\/uploads\/usu1360\/2023\/02\/IMG_20230119_115312-1-1-300x135.jpg 300w, https:\/\/agora.xtec.cat\/escolaestevebarrachina\/wp-content\/uploads\/usu1360\/2023\/02\/IMG_20230119_115312-1-1-768x345.jpg 768w\" sizes=\"auto, (max-width: 1024px) 100vw, 1024px\" \/><\/a><\/p>\n<p>Els nens i nenes de 4t han visitat les coves de l&#8217;Espluga de Francol\u00ed on han pogut veure com vivien els homes i dones de la prehist\u00f2ria. Tamb\u00e9 han constru\u00eft una petita cabana amb pells d&#8217;animals i pals d&#8217;arbres i han posat en pr\u00e0ctica la pintura rupestre.<\/p>\n","protected":false},"excerpt":{"rendered":"<p><a href=\"https:\/\/agora.xtec.cat\/escolaestevebarrachina\/wp-content\/uploads\/usu1360\/2023\/02\/20230119_122602.heic\"><\/a><a href=\"https:\/\/agora.xtec.cat\/escolaestevebarrachina\/wp-content\/uploads\/usu1360\/2023\/02\/IMG_20230119_115312-1-1.jpg\"><\/a><br \/>\nEls nens i nenes de 4t han visitat les coves de l&#8217;Espluga de Francol\u00ed on han pogut veure com vivien els homes i dones de la prehist\u00f2ria. Tamb\u00e9 han constru\u00eft una petita cabana amb pells d&#8217;animals i pals d&#8217;arbres i han posat en&hellip;  <a href=\"https:\/\/agora.xtec.cat\/escolaestevebarrachina\/general\/sortida-4t-sobre-la-prehistoria\/\" title=\"Read Sortida 4t sobre la Prehist\u00f2ria\">Llegeix m\u00e9s\u00bb<\/a><\/p>\n","protected":false},"author":1,"featured_media":0,"comment_status":"open","ping_status":"closed","sticky":false,"template":"","format":"standard","meta":{"_bbp_topic_count":0,"_bbp_reply_count":0,"_bbp_total_topic_count":0,"_bbp_total_reply_count":0,"_bbp_voice_count":0,"_bbp_anonymous_reply_count":0,"_bbp_topic_count_hidden":0,"_bbp_reply_count_hidden":0,"_bbp_forum_subforum_count":0,"footnotes":""},"categories":[84,86,5,1,4,145],"tags":[],"class_list":["post-11889","post","type-post","status-publish","format-standard","hentry","category-activitats-del-centre","category-blog","category-escola","category-general","category-portada","category-primaria"],"post_mailing_queue_ids":[],"_links":{"self":[{"href":"https:\/\/agora.xtec.cat\/escolaestevebarrachina\/wp-json\/wp\/v2\/posts\/11889","targetHints":{"allow":["GET"]}}],"collection":[{"href":"https:\/\/agora.xtec.cat\/escolaestevebarrachina\/wp-json\/wp\/v2\/posts"}],"about":[{"href":"https:\/\/agora.xtec.cat\/escolaestevebarrachina\/wp-json\/wp\/v2\/types\/post"}],"author":[{"embeddable":true,"href":"https:\/\/agora.xtec.cat\/escolaestevebarrachina\/wp-json\/wp\/v2\/users\/1"}],"replies":[{"embeddable":true,"href":"https:\/\/agora.xtec.cat\/escolaestevebarrachina\/wp-json\/wp\/v2\/comments?post=11889"}],"version-history":[{"count":1,"href":"https:\/\/agora.xtec.cat\/escolaestevebarrachina\/wp-json\/wp\/v2\/posts\/11889\/revisions"}],"predecessor-version":[{"id":11892,"href":"https:\/\/agora.xtec.cat\/escolaestevebarrachina\/wp-json\/wp\/v2\/posts\/11889\/revisions\/11892"}],"wp:attachment":[{"href":"https:\/\/agora.xtec.cat\/escolaestevebarrachina\/wp-json\/wp\/v2\/media?parent=11889"}],"wp:term":[{"taxonomy":"category","embeddable":true,"href":"https:\/\/agora.xtec.cat\/escolaestevebarrachina\/wp-json\/wp\/v2\/categories?post=11889"},{"taxonomy":"post_tag","embeddable":true,"href":"https:\/\/agora.xtec.cat\/escolaestevebarrachina\/wp-json\/wp\/v2\/tags?post=11889"}],"curies":[{"name":"wp","href":"https:\/\/api.w.org\/{rel}","templated":true}]}}