{"id":11886,"date":"2023-02-04T21:38:34","date_gmt":"2023-02-04T20:38:34","guid":{"rendered":"https:\/\/agora.xtec.cat\/escolaestevebarrachina\/?p=11886"},"modified":"2023-02-04T21:38:34","modified_gmt":"2023-02-04T20:38:34","slug":"sortida-de-6e-sobre-el-modernisme","status":"publish","type":"post","link":"https:\/\/agora.xtec.cat\/escolaestevebarrachina\/general\/sortida-de-6e-sobre-el-modernisme\/","title":{"rendered":"Sortida de 6\u00e8 sobre el Modernisme"},"content":{"rendered":"<p><a href=\"https:\/\/agora.xtec.cat\/escolaestevebarrachina\/wp-content\/uploads\/usu1360\/2023\/02\/cdv_photo_1674570450.jpg\"><img loading=\"lazy\" decoding=\"async\" class=\"aligncenter size-large wp-image-11887\" src=\"https:\/\/agora.xtec.cat\/escolaestevebarrachina\/wp-content\/uploads\/usu1360\/2023\/02\/cdv_photo_1674570450-652x1024.jpg\" alt=\"\" width=\"652\" height=\"1024\" srcset=\"https:\/\/agora.xtec.cat\/escolaestevebarrachina\/wp-content\/uploads\/usu1360\/2023\/02\/cdv_photo_1674570450-652x1024.jpg 652w, https:\/\/agora.xtec.cat\/escolaestevebarrachina\/wp-content\/uploads\/usu1360\/2023\/02\/cdv_photo_1674570450-191x300.jpg 191w, https:\/\/agora.xtec.cat\/escolaestevebarrachina\/wp-content\/uploads\/usu1360\/2023\/02\/cdv_photo_1674570450-768x1207.jpg 768w, https:\/\/agora.xtec.cat\/escolaestevebarrachina\/wp-content\/uploads\/usu1360\/2023\/02\/cdv_photo_1674570450.jpg 800w\" sizes=\"auto, (max-width: 652px) 100vw, 652px\" \/><\/a><\/p>\n<p>L&#8217;alumnat de 6\u00e8 ha visitat la Casa Mil\u00e0 i ha fet una visita guiada per l&#8217;interior i el terrat per entendre el modernisme d&#8217;Antoni Gaud\u00ed.<\/p>\n<p>A m\u00e9s, tamb\u00e9 hem observat altres cases modernistes del Passeig de Gr\u00e0cia i de l&#8217;Avinguda Diagonal.<\/p>\n","protected":false},"excerpt":{"rendered":"<p><a href=\"https:\/\/agora.xtec.cat\/escolaestevebarrachina\/wp-content\/uploads\/usu1360\/2023\/02\/cdv_photo_1674570450.jpg\"><\/a><br \/>\nL&#8217;alumnat de 6\u00e8 ha visitat la Casa Mil\u00e0 i ha fet una visita guiada per l&#8217;interior i el terrat per entendre el modernisme d&#8217;Antoni Gaud\u00ed.<br \/>\nA m\u00e9s, tamb\u00e9 hem observat altres cases modernistes del Passeig de Gr\u00e0cia i de l&#8217;Avinguda Diagonal.<\/p>\n","protected":false},"author":1,"featured_media":0,"comment_status":"open","ping_status":"closed","sticky":false,"template":"","format":"standard","meta":{"_bbp_topic_count":0,"_bbp_reply_count":0,"_bbp_total_topic_count":0,"_bbp_total_reply_count":0,"_bbp_voice_count":0,"_bbp_anonymous_reply_count":0,"_bbp_topic_count_hidden":0,"_bbp_reply_count_hidden":0,"_bbp_forum_subforum_count":0,"footnotes":""},"categories":[84,86,5,1,4,145],"tags":[],"class_list":["post-11886","post","type-post","status-publish","format-standard","hentry","category-activitats-del-centre","category-blog","category-escola","category-general","category-portada","category-primaria"],"post_mailing_queue_ids":[],"_links":{"self":[{"href":"https:\/\/agora.xtec.cat\/escolaestevebarrachina\/wp-json\/wp\/v2\/posts\/11886","targetHints":{"allow":["GET"]}}],"collection":[{"href":"https:\/\/agora.xtec.cat\/escolaestevebarrachina\/wp-json\/wp\/v2\/posts"}],"about":[{"href":"https:\/\/agora.xtec.cat\/escolaestevebarrachina\/wp-json\/wp\/v2\/types\/post"}],"author":[{"embeddable":true,"href":"https:\/\/agora.xtec.cat\/escolaestevebarrachina\/wp-json\/wp\/v2\/users\/1"}],"replies":[{"embeddable":true,"href":"https:\/\/agora.xtec.cat\/escolaestevebarrachina\/wp-json\/wp\/v2\/comments?post=11886"}],"version-history":[{"count":1,"href":"https:\/\/agora.xtec.cat\/escolaestevebarrachina\/wp-json\/wp\/v2\/posts\/11886\/revisions"}],"predecessor-version":[{"id":11888,"href":"https:\/\/agora.xtec.cat\/escolaestevebarrachina\/wp-json\/wp\/v2\/posts\/11886\/revisions\/11888"}],"wp:attachment":[{"href":"https:\/\/agora.xtec.cat\/escolaestevebarrachina\/wp-json\/wp\/v2\/media?parent=11886"}],"wp:term":[{"taxonomy":"category","embeddable":true,"href":"https:\/\/agora.xtec.cat\/escolaestevebarrachina\/wp-json\/wp\/v2\/categories?post=11886"},{"taxonomy":"post_tag","embeddable":true,"href":"https:\/\/agora.xtec.cat\/escolaestevebarrachina\/wp-json\/wp\/v2\/tags?post=11886"}],"curies":[{"name":"wp","href":"https:\/\/api.w.org\/{rel}","templated":true}]}}