{"id":11879,"date":"2023-02-04T21:32:12","date_gmt":"2023-02-04T20:32:12","guid":{"rendered":"https:\/\/agora.xtec.cat\/escolaestevebarrachina\/?p=11879"},"modified":"2023-02-04T21:32:12","modified_gmt":"2023-02-04T20:32:12","slug":"torna-el-lecxit","status":"publish","type":"post","link":"https:\/\/agora.xtec.cat\/escolaestevebarrachina\/general\/torna-el-lecxit\/","title":{"rendered":"Torna el Lecxit!"},"content":{"rendered":"<p><a href=\"https:\/\/agora.xtec.cat\/escolaestevebarrachina\/wp-content\/uploads\/usu1360\/2023\/02\/Captura-lecxit-1.jpg\"><img loading=\"lazy\" decoding=\"async\" class=\"aligncenter size-full wp-image-11880\" src=\"https:\/\/agora.xtec.cat\/escolaestevebarrachina\/wp-content\/uploads\/usu1360\/2023\/02\/Captura-lecxit-1.jpg\" alt=\"\" width=\"800\" height=\"524\" srcset=\"https:\/\/agora.xtec.cat\/escolaestevebarrachina\/wp-content\/uploads\/usu1360\/2023\/02\/Captura-lecxit-1.jpg 800w, https:\/\/agora.xtec.cat\/escolaestevebarrachina\/wp-content\/uploads\/usu1360\/2023\/02\/Captura-lecxit-1-300x197.jpg 300w, https:\/\/agora.xtec.cat\/escolaestevebarrachina\/wp-content\/uploads\/usu1360\/2023\/02\/Captura-lecxit-1-768x503.jpg 768w\" sizes=\"auto, (max-width: 800px) 100vw, 800px\" \/><\/a><\/p>\n<p>Aquest trimestre reprenem el projecte Lecxit que s&#8217;havia interromput durant els anys de pand\u00e8mia.<\/p>\n<p>Es tracta d&#8217;una activitat destinada als infants de la comunitat de grans en el qual\u00a0\u00a0volem posar a l&#8217;abast de tots els nens i nenes la passi\u00f3 per la lectura i aix\u00ed fomentar l&#8217;h\u00e0bit que garanteixi el seu \u00e8xit educatiu i social. Dotant-los d&#8217;un acompanyament lector farem que se sentin segurs i creguin en les seves potencialitats.<\/p>\n<p>Aquesta activitat es duu a terme els dimecres gr\u00e0cies a la col\u00b7laboraci\u00f3 de voluntaris externs a l&#8217;escola que han rebut una formaci\u00f3 i coordinats per\u00a0uma\u00a0mestra de l&#8217;escola.<\/p>\n<p>Moltes gr\u00e0cies a la Neus, la\u00a0Silvia, la\u00a0Tere, l&#8217;Olga, la\u00a0Mirelle, la Berta, l&#8217;Amparo\u00a0i la\u00a0Natalia<\/p>\n","protected":false},"excerpt":{"rendered":"<p><a href=\"https:\/\/agora.xtec.cat\/escolaestevebarrachina\/wp-content\/uploads\/usu1360\/2023\/02\/Captura-lecxit-1.jpg\"><\/a><br \/>\nAquest trimestre reprenem el projecte Lecxit que s&#8217;havia interromput durant els anys de pand\u00e8mia.<br \/>\nEs tracta d&#8217;una activitat destinada als infants de la comunitat de grans en el qual\u00a0\u00a0volem posar a l&#8217;abast de tots els nens i nenes la passi\u00f3 per la lectura i aix\u00ed&hellip;  <a href=\"https:\/\/agora.xtec.cat\/escolaestevebarrachina\/general\/torna-el-lecxit\/\" title=\"Read Torna el Lecxit!\">Llegeix m\u00e9s\u00bb<\/a><\/p>\n","protected":false},"author":1,"featured_media":0,"comment_status":"open","ping_status":"closed","sticky":false,"template":"","format":"standard","meta":{"_bbp_topic_count":0,"_bbp_reply_count":0,"_bbp_total_topic_count":0,"_bbp_total_reply_count":0,"_bbp_voice_count":0,"_bbp_anonymous_reply_count":0,"_bbp_topic_count_hidden":0,"_bbp_reply_count_hidden":0,"_bbp_forum_subforum_count":0,"footnotes":""},"categories":[84,86,5,1,4,145],"tags":[],"class_list":["post-11879","post","type-post","status-publish","format-standard","hentry","category-activitats-del-centre","category-blog","category-escola","category-general","category-portada","category-primaria"],"post_mailing_queue_ids":[],"_links":{"self":[{"href":"https:\/\/agora.xtec.cat\/escolaestevebarrachina\/wp-json\/wp\/v2\/posts\/11879","targetHints":{"allow":["GET"]}}],"collection":[{"href":"https:\/\/agora.xtec.cat\/escolaestevebarrachina\/wp-json\/wp\/v2\/posts"}],"about":[{"href":"https:\/\/agora.xtec.cat\/escolaestevebarrachina\/wp-json\/wp\/v2\/types\/post"}],"author":[{"embeddable":true,"href":"https:\/\/agora.xtec.cat\/escolaestevebarrachina\/wp-json\/wp\/v2\/users\/1"}],"replies":[{"embeddable":true,"href":"https:\/\/agora.xtec.cat\/escolaestevebarrachina\/wp-json\/wp\/v2\/comments?post=11879"}],"version-history":[{"count":2,"href":"https:\/\/agora.xtec.cat\/escolaestevebarrachina\/wp-json\/wp\/v2\/posts\/11879\/revisions"}],"predecessor-version":[{"id":11882,"href":"https:\/\/agora.xtec.cat\/escolaestevebarrachina\/wp-json\/wp\/v2\/posts\/11879\/revisions\/11882"}],"wp:attachment":[{"href":"https:\/\/agora.xtec.cat\/escolaestevebarrachina\/wp-json\/wp\/v2\/media?parent=11879"}],"wp:term":[{"taxonomy":"category","embeddable":true,"href":"https:\/\/agora.xtec.cat\/escolaestevebarrachina\/wp-json\/wp\/v2\/categories?post=11879"},{"taxonomy":"post_tag","embeddable":true,"href":"https:\/\/agora.xtec.cat\/escolaestevebarrachina\/wp-json\/wp\/v2\/tags?post=11879"}],"curies":[{"name":"wp","href":"https:\/\/api.w.org\/{rel}","templated":true}]}}