{"id":11868,"date":"2023-01-26T15:59:55","date_gmt":"2023-01-26T14:59:55","guid":{"rendered":"https:\/\/agora.xtec.cat\/escolaestevebarrachina\/?p=11868"},"modified":"2023-01-26T16:07:35","modified_gmt":"2023-01-26T15:07:35","slug":"portes-obertes-2023","status":"publish","type":"post","link":"https:\/\/agora.xtec.cat\/escolaestevebarrachina\/general\/portes-obertes-2023\/","title":{"rendered":"Portes Obertes 2023"},"content":{"rendered":"<p>S&#8217;apropa el per\u00edode de preinscripcions i obrim les portes de l&#8217;escola per totes aquelles fam\u00edlies interessades en con\u00e8ixer el nostre projecte educatiu.<\/p>\n<p>Trobareu el formulari d&#8217;inscripci\u00f3 al QR de la imatge i tamb\u00e9 en aquest <a href=\"https:\/\/forms.gle\/cg9npF3eXVT2xUw2A\">enlla\u00e7<\/a>.<\/p>\n<p>Tamb\u00e9 podeu trucar al 938948142 o escriure a preinscripcio@estevebarrachina.cat<\/p>\n<p><a href=\"https:\/\/agora.xtec.cat\/escolaestevebarrachina\/wp-content\/uploads\/usu1360\/2023\/01\/Portes-obertes-1.jpg\"><img loading=\"lazy\" decoding=\"async\" class=\"size-large wp-image-11869 alignleft\" src=\"https:\/\/agora.xtec.cat\/escolaestevebarrachina\/wp-content\/uploads\/usu1360\/2023\/01\/Portes-obertes-1-1024x576.jpg\" alt=\"\" width=\"1024\" height=\"576\" srcset=\"https:\/\/agora.xtec.cat\/escolaestevebarrachina\/wp-content\/uploads\/usu1360\/2023\/01\/Portes-obertes-1-1024x576.jpg 1024w, https:\/\/agora.xtec.cat\/escolaestevebarrachina\/wp-content\/uploads\/usu1360\/2023\/01\/Portes-obertes-1-300x169.jpg 300w, https:\/\/agora.xtec.cat\/escolaestevebarrachina\/wp-content\/uploads\/usu1360\/2023\/01\/Portes-obertes-1-768x432.jpg 768w, https:\/\/agora.xtec.cat\/escolaestevebarrachina\/wp-content\/uploads\/usu1360\/2023\/01\/Portes-obertes-1-1536x864.jpg 1536w, https:\/\/agora.xtec.cat\/escolaestevebarrachina\/wp-content\/uploads\/usu1360\/2023\/01\/Portes-obertes-1.jpg 1920w\" sizes=\"auto, (max-width: 1024px) 100vw, 1024px\" \/><\/a><\/p>\n","protected":false},"excerpt":{"rendered":"<p>S&#8217;apropa el per\u00edode de preinscripcions i obrim les portes de l&#8217;escola per totes aquelles fam\u00edlies interessades en con\u00e8ixer el nostre projecte educatiu.<br \/>\nTrobareu el formulari d&#8217;inscripci\u00f3 al QR de la imatge i tamb\u00e9 en aquest <a href=\"https:\/\/forms.gle\/cg9npF3eXVT2xUw2A\">enlla\u00e7<\/a>.<br \/>\nTamb\u00e9 podeu trucar al 938948142 o escriure a preinscripcio@estevebarrachina.cat<br \/>\n<a href=\"https:\/\/agora.xtec.cat\/escolaestevebarrachina\/wp-content\/uploads\/usu1360\/2023\/01\/Portes-obertes-1.jpg\"><\/a><\/p>\n","protected":false},"author":1,"featured_media":0,"comment_status":"open","ping_status":"closed","sticky":true,"template":"","format":"standard","meta":{"_bbp_topic_count":0,"_bbp_reply_count":0,"_bbp_total_topic_count":0,"_bbp_total_reply_count":0,"_bbp_voice_count":0,"_bbp_anonymous_reply_count":0,"_bbp_topic_count_hidden":0,"_bbp_reply_count_hidden":0,"_bbp_forum_subforum_count":0,"footnotes":""},"categories":[84,5,1,4,145],"tags":[],"class_list":["post-11868","post","type-post","status-publish","format-standard","hentry","category-activitats-del-centre","category-escola","category-general","category-portada","category-primaria"],"post_mailing_queue_ids":[],"_links":{"self":[{"href":"https:\/\/agora.xtec.cat\/escolaestevebarrachina\/wp-json\/wp\/v2\/posts\/11868","targetHints":{"allow":["GET"]}}],"collection":[{"href":"https:\/\/agora.xtec.cat\/escolaestevebarrachina\/wp-json\/wp\/v2\/posts"}],"about":[{"href":"https:\/\/agora.xtec.cat\/escolaestevebarrachina\/wp-json\/wp\/v2\/types\/post"}],"author":[{"embeddable":true,"href":"https:\/\/agora.xtec.cat\/escolaestevebarrachina\/wp-json\/wp\/v2\/users\/1"}],"replies":[{"embeddable":true,"href":"https:\/\/agora.xtec.cat\/escolaestevebarrachina\/wp-json\/wp\/v2\/comments?post=11868"}],"version-history":[{"count":2,"href":"https:\/\/agora.xtec.cat\/escolaestevebarrachina\/wp-json\/wp\/v2\/posts\/11868\/revisions"}],"predecessor-version":[{"id":11871,"href":"https:\/\/agora.xtec.cat\/escolaestevebarrachina\/wp-json\/wp\/v2\/posts\/11868\/revisions\/11871"}],"wp:attachment":[{"href":"https:\/\/agora.xtec.cat\/escolaestevebarrachina\/wp-json\/wp\/v2\/media?parent=11868"}],"wp:term":[{"taxonomy":"category","embeddable":true,"href":"https:\/\/agora.xtec.cat\/escolaestevebarrachina\/wp-json\/wp\/v2\/categories?post=11868"},{"taxonomy":"post_tag","embeddable":true,"href":"https:\/\/agora.xtec.cat\/escolaestevebarrachina\/wp-json\/wp\/v2\/tags?post=11868"}],"curies":[{"name":"wp","href":"https:\/\/api.w.org\/{rel}","templated":true}]}}