{"id":11687,"date":"2022-02-01T22:29:53","date_gmt":"2022-02-01T21:29:53","guid":{"rendered":"https:\/\/agora.xtec.cat\/escolaestevebarrachina\/?p=11687"},"modified":"2022-02-01T22:29:53","modified_gmt":"2022-02-01T21:29:53","slug":"biblioteca-santiago-rusinol","status":"publish","type":"post","link":"https:\/\/agora.xtec.cat\/escolaestevebarrachina\/general\/biblioteca-santiago-rusinol\/","title":{"rendered":"Biblioteca Santiago Rusi\u00f1ol"},"content":{"rendered":"<p>Avui hem visitat la biblioteca de Santiago Rusi\u00f1ol. La Susana i la Marta ens han proposat diferents asctivitats per con\u00e8ixer el funcionament i gaudir dels espais i materials.<\/p>\n<p>Ha estat un mat\u00ed diferent per\u00f2 que ens ha servit per con\u00e8ixer aquest servei.<br \/>\nAra toca fer-se usuari i tenir el carnet per gaudir de totes les propostes.\u00a0Vinga!<\/p>\n<p><a href=\"https:\/\/agora.xtec.cat\/escolaestevebarrachina\/wp-content\/uploads\/usu1360\/2022\/02\/cdv_photo_1642680850.jpg\"><img loading=\"lazy\" decoding=\"async\" class=\"aligncenter size-large wp-image-11688\" src=\"https:\/\/agora.xtec.cat\/escolaestevebarrachina\/wp-content\/uploads\/usu1360\/2022\/02\/cdv_photo_1642680850-768x1024.jpg\" alt=\"\" width=\"768\" height=\"1024\" srcset=\"https:\/\/agora.xtec.cat\/escolaestevebarrachina\/wp-content\/uploads\/usu1360\/2022\/02\/cdv_photo_1642680850-768x1023.jpg 768w, https:\/\/agora.xtec.cat\/escolaestevebarrachina\/wp-content\/uploads\/usu1360\/2022\/02\/cdv_photo_1642680850-225x300.jpg 225w, https:\/\/agora.xtec.cat\/escolaestevebarrachina\/wp-content\/uploads\/usu1360\/2022\/02\/cdv_photo_1642680850.jpg 800w\" sizes=\"auto, (max-width: 768px) 100vw, 768px\" \/><\/a><\/p>\n","protected":false},"excerpt":{"rendered":"<p>Avui hem visitat la biblioteca de Santiago Rusi\u00f1ol. La Susana i la Marta ens han proposat diferents asctivitats per con\u00e8ixer el funcionament i gaudir dels espais i materials.<br \/>\nHa estat un mat\u00ed diferent per\u00f2 que ens ha servit per con\u00e8ixer aquest servei.<br \/>\nAra toca fer-se usuari i&hellip;  <a href=\"https:\/\/agora.xtec.cat\/escolaestevebarrachina\/general\/biblioteca-santiago-rusinol\/\" title=\"Read Biblioteca Santiago Rusi\u00f1ol\">Llegeix m\u00e9s\u00bb<\/a><\/p>\n","protected":false},"author":1,"featured_media":0,"comment_status":"open","ping_status":"closed","sticky":false,"template":"","format":"standard","meta":{"_bbp_topic_count":0,"_bbp_reply_count":0,"_bbp_total_topic_count":0,"_bbp_total_reply_count":0,"_bbp_voice_count":0,"_bbp_anonymous_reply_count":0,"_bbp_topic_count_hidden":0,"_bbp_reply_count_hidden":0,"_bbp_forum_subforum_count":0,"footnotes":""},"categories":[84,85,1,4,145],"tags":[],"class_list":["post-11687","post","type-post","status-publish","format-standard","hentry","category-activitats-del-centre","category-escola-estebe-barrachina","category-general","category-portada","category-primaria"],"post_mailing_queue_ids":[],"_links":{"self":[{"href":"https:\/\/agora.xtec.cat\/escolaestevebarrachina\/wp-json\/wp\/v2\/posts\/11687","targetHints":{"allow":["GET"]}}],"collection":[{"href":"https:\/\/agora.xtec.cat\/escolaestevebarrachina\/wp-json\/wp\/v2\/posts"}],"about":[{"href":"https:\/\/agora.xtec.cat\/escolaestevebarrachina\/wp-json\/wp\/v2\/types\/post"}],"author":[{"embeddable":true,"href":"https:\/\/agora.xtec.cat\/escolaestevebarrachina\/wp-json\/wp\/v2\/users\/1"}],"replies":[{"embeddable":true,"href":"https:\/\/agora.xtec.cat\/escolaestevebarrachina\/wp-json\/wp\/v2\/comments?post=11687"}],"version-history":[{"count":1,"href":"https:\/\/agora.xtec.cat\/escolaestevebarrachina\/wp-json\/wp\/v2\/posts\/11687\/revisions"}],"predecessor-version":[{"id":11689,"href":"https:\/\/agora.xtec.cat\/escolaestevebarrachina\/wp-json\/wp\/v2\/posts\/11687\/revisions\/11689"}],"wp:attachment":[{"href":"https:\/\/agora.xtec.cat\/escolaestevebarrachina\/wp-json\/wp\/v2\/media?parent=11687"}],"wp:term":[{"taxonomy":"category","embeddable":true,"href":"https:\/\/agora.xtec.cat\/escolaestevebarrachina\/wp-json\/wp\/v2\/categories?post=11687"},{"taxonomy":"post_tag","embeddable":true,"href":"https:\/\/agora.xtec.cat\/escolaestevebarrachina\/wp-json\/wp\/v2\/tags?post=11687"}],"curies":[{"name":"wp","href":"https:\/\/api.w.org\/{rel}","templated":true}]}}