{"id":11680,"date":"2022-02-01T22:25:06","date_gmt":"2022-02-01T21:25:06","guid":{"rendered":"https:\/\/agora.xtec.cat\/escolaestevebarrachina\/?p=11680"},"modified":"2022-02-01T22:25:22","modified_gmt":"2022-02-01T21:25:22","slug":"taller-de-compostatge","status":"publish","type":"post","link":"https:\/\/agora.xtec.cat\/escolaestevebarrachina\/general\/taller-de-compostatge\/","title":{"rendered":"Taller de compostatge"},"content":{"rendered":"<p>L\u2019alumnat de 5\u00e8 hem fet vermicompostatge. Durant 3 setmanes analitzarem els nostres vermicompostadors. Aix\u00ed podrem entendre b\u00e9 qu\u00e8 \u00e9s el cicle de la mat\u00e8ria i tamb\u00e9 qu\u00e8 succeeix a diari all\u00e0 dins.<\/p>\n<p><a href=\"https:\/\/agora.xtec.cat\/escolaestevebarrachina\/wp-content\/uploads\/usu1360\/2022\/02\/cdv_photo_1642680267.jpg\"><img loading=\"lazy\" decoding=\"async\" class=\"aligncenter size-full wp-image-11682\" src=\"https:\/\/agora.xtec.cat\/escolaestevebarrachina\/wp-content\/uploads\/usu1360\/2022\/02\/cdv_photo_1642680267.jpg\" alt=\"\" width=\"768\" height=\"1024\" srcset=\"https:\/\/agora.xtec.cat\/escolaestevebarrachina\/wp-content\/uploads\/usu1360\/2022\/02\/cdv_photo_1642680267.jpg 768w, https:\/\/agora.xtec.cat\/escolaestevebarrachina\/wp-content\/uploads\/usu1360\/2022\/02\/cdv_photo_1642680267-225x300.jpg 225w\" sizes=\"auto, (max-width: 768px) 100vw, 768px\" \/><\/a><\/p>\n","protected":false},"excerpt":{"rendered":"<p>L\u2019alumnat de 5\u00e8 hem fet vermicompostatge. Durant 3 setmanes analitzarem els nostres vermicompostadors. Aix\u00ed podrem entendre b\u00e9 qu\u00e8 \u00e9s el cicle de la mat\u00e8ria i tamb\u00e9 qu\u00e8 succeeix a diari all\u00e0 dins.<br \/>\n<a href=\"https:\/\/agora.xtec.cat\/escolaestevebarrachina\/wp-content\/uploads\/usu1360\/2022\/02\/cdv_photo_1642680267.jpg\"><\/a><\/p>\n","protected":false},"author":1,"featured_media":0,"comment_status":"open","ping_status":"closed","sticky":false,"template":"","format":"standard","meta":{"_bbp_topic_count":0,"_bbp_reply_count":0,"_bbp_total_topic_count":0,"_bbp_total_reply_count":0,"_bbp_voice_count":0,"_bbp_anonymous_reply_count":0,"_bbp_topic_count_hidden":0,"_bbp_reply_count_hidden":0,"_bbp_forum_subforum_count":0,"footnotes":""},"categories":[84,85,1,4,145],"tags":[],"class_list":["post-11680","post","type-post","status-publish","format-standard","hentry","category-activitats-del-centre","category-escola-estebe-barrachina","category-general","category-portada","category-primaria"],"post_mailing_queue_ids":[],"_links":{"self":[{"href":"https:\/\/agora.xtec.cat\/escolaestevebarrachina\/wp-json\/wp\/v2\/posts\/11680","targetHints":{"allow":["GET"]}}],"collection":[{"href":"https:\/\/agora.xtec.cat\/escolaestevebarrachina\/wp-json\/wp\/v2\/posts"}],"about":[{"href":"https:\/\/agora.xtec.cat\/escolaestevebarrachina\/wp-json\/wp\/v2\/types\/post"}],"author":[{"embeddable":true,"href":"https:\/\/agora.xtec.cat\/escolaestevebarrachina\/wp-json\/wp\/v2\/users\/1"}],"replies":[{"embeddable":true,"href":"https:\/\/agora.xtec.cat\/escolaestevebarrachina\/wp-json\/wp\/v2\/comments?post=11680"}],"version-history":[{"count":1,"href":"https:\/\/agora.xtec.cat\/escolaestevebarrachina\/wp-json\/wp\/v2\/posts\/11680\/revisions"}],"predecessor-version":[{"id":11683,"href":"https:\/\/agora.xtec.cat\/escolaestevebarrachina\/wp-json\/wp\/v2\/posts\/11680\/revisions\/11683"}],"wp:attachment":[{"href":"https:\/\/agora.xtec.cat\/escolaestevebarrachina\/wp-json\/wp\/v2\/media?parent=11680"}],"wp:term":[{"taxonomy":"category","embeddable":true,"href":"https:\/\/agora.xtec.cat\/escolaestevebarrachina\/wp-json\/wp\/v2\/categories?post=11680"},{"taxonomy":"post_tag","embeddable":true,"href":"https:\/\/agora.xtec.cat\/escolaestevebarrachina\/wp-json\/wp\/v2\/tags?post=11680"}],"curies":[{"name":"wp","href":"https:\/\/api.w.org\/{rel}","templated":true}]}}