{"id":11672,"date":"2022-02-01T22:17:09","date_gmt":"2022-02-01T21:17:09","guid":{"rendered":"https:\/\/agora.xtec.cat\/escolaestevebarrachina\/?p=11672"},"modified":"2022-02-01T22:17:19","modified_gmt":"2022-02-01T21:17:19","slug":"menu-del-dia","status":"publish","type":"post","link":"https:\/\/agora.xtec.cat\/escolaestevebarrachina\/general\/menu-del-dia\/","title":{"rendered":"Men\u00fa del dia"},"content":{"rendered":"<p>A P5 treballem la lectoescriptura en les activitats quotidianes del dia a dia. Un exemple \u00e9s el men\u00fa. Cada dia tres infants baixen al menjador a preguntar quin \u00e9s el men\u00fa del dia. Despr\u00e9s pugen a l&#8217;aula i l&#8217;escriuen, ajudant-se els uns als altres.<\/p>\n<p>\u00c9s una activitat molt significativa pels nens i les nenes!!<\/p>\n<p><a href=\"https:\/\/agora.xtec.cat\/escolaestevebarrachina\/wp-content\/uploads\/usu1360\/2022\/02\/IMG-20220118-WA0006.jpg\"><img loading=\"lazy\" decoding=\"async\" class=\"aligncenter size-full wp-image-11673\" src=\"https:\/\/agora.xtec.cat\/escolaestevebarrachina\/wp-content\/uploads\/usu1360\/2022\/02\/IMG-20220118-WA0006.jpg\" alt=\"\" width=\"800\" height=\"600\" srcset=\"https:\/\/agora.xtec.cat\/escolaestevebarrachina\/wp-content\/uploads\/usu1360\/2022\/02\/IMG-20220118-WA0006.jpg 800w, https:\/\/agora.xtec.cat\/escolaestevebarrachina\/wp-content\/uploads\/usu1360\/2022\/02\/IMG-20220118-WA0006-300x225.jpg 300w, https:\/\/agora.xtec.cat\/escolaestevebarrachina\/wp-content\/uploads\/usu1360\/2022\/02\/IMG-20220118-WA0006-768x576.jpg 768w, https:\/\/agora.xtec.cat\/escolaestevebarrachina\/wp-content\/uploads\/usu1360\/2022\/02\/IMG-20220118-WA0006-200x150.jpg 200w\" sizes=\"auto, (max-width: 800px) 100vw, 800px\" \/><\/a><\/p>\n","protected":false},"excerpt":{"rendered":"<p>A P5 treballem la lectoescriptura en les activitats quotidianes del dia a dia. Un exemple \u00e9s el men\u00fa. Cada dia tres infants baixen al menjador a preguntar quin \u00e9s el men\u00fa del dia. Despr\u00e9s pugen a l&#8217;aula i l&#8217;escriuen, ajudant-se els uns als altres.<br \/>\n\u00c9s una&hellip;  <a href=\"https:\/\/agora.xtec.cat\/escolaestevebarrachina\/general\/menu-del-dia\/\" title=\"Read Men\u00fa del dia\">Llegeix m\u00e9s\u00bb<\/a><\/p>\n","protected":false},"author":1,"featured_media":0,"comment_status":"closed","ping_status":"closed","sticky":false,"template":"","format":"standard","meta":{"_bbp_topic_count":0,"_bbp_reply_count":0,"_bbp_total_topic_count":0,"_bbp_total_reply_count":0,"_bbp_voice_count":0,"_bbp_anonymous_reply_count":0,"_bbp_topic_count_hidden":0,"_bbp_reply_count_hidden":0,"_bbp_forum_subforum_count":0,"footnotes":""},"categories":[84,85,1,4],"tags":[],"class_list":["post-11672","post","type-post","status-publish","format-standard","hentry","category-activitats-del-centre","category-escola-estebe-barrachina","category-general","category-portada"],"post_mailing_queue_ids":[],"_links":{"self":[{"href":"https:\/\/agora.xtec.cat\/escolaestevebarrachina\/wp-json\/wp\/v2\/posts\/11672","targetHints":{"allow":["GET"]}}],"collection":[{"href":"https:\/\/agora.xtec.cat\/escolaestevebarrachina\/wp-json\/wp\/v2\/posts"}],"about":[{"href":"https:\/\/agora.xtec.cat\/escolaestevebarrachina\/wp-json\/wp\/v2\/types\/post"}],"author":[{"embeddable":true,"href":"https:\/\/agora.xtec.cat\/escolaestevebarrachina\/wp-json\/wp\/v2\/users\/1"}],"replies":[{"embeddable":true,"href":"https:\/\/agora.xtec.cat\/escolaestevebarrachina\/wp-json\/wp\/v2\/comments?post=11672"}],"version-history":[{"count":1,"href":"https:\/\/agora.xtec.cat\/escolaestevebarrachina\/wp-json\/wp\/v2\/posts\/11672\/revisions"}],"predecessor-version":[{"id":11674,"href":"https:\/\/agora.xtec.cat\/escolaestevebarrachina\/wp-json\/wp\/v2\/posts\/11672\/revisions\/11674"}],"wp:attachment":[{"href":"https:\/\/agora.xtec.cat\/escolaestevebarrachina\/wp-json\/wp\/v2\/media?parent=11672"}],"wp:term":[{"taxonomy":"category","embeddable":true,"href":"https:\/\/agora.xtec.cat\/escolaestevebarrachina\/wp-json\/wp\/v2\/categories?post=11672"},{"taxonomy":"post_tag","embeddable":true,"href":"https:\/\/agora.xtec.cat\/escolaestevebarrachina\/wp-json\/wp\/v2\/tags?post=11672"}],"curies":[{"name":"wp","href":"https:\/\/api.w.org\/{rel}","templated":true}]}}