{"id":11657,"date":"2022-02-01T18:58:53","date_gmt":"2022-02-01T17:58:53","guid":{"rendered":"https:\/\/agora.xtec.cat\/escolaestevebarrachina\/?p=11657"},"modified":"2023-02-07T18:14:12","modified_gmt":"2023-02-07T17:14:12","slug":"reconeixement-de-projecte-dinnovacio-pedagogica","status":"publish","type":"post","link":"https:\/\/agora.xtec.cat\/escolaestevebarrachina\/general\/reconeixement-de-projecte-dinnovacio-pedagogica\/","title":{"rendered":"Reconeixement de Projecte d&#8217;Innovaci\u00f3 Pedag\u00f2gica"},"content":{"rendered":"<p><a href=\"https:\/\/agora.xtec.cat\/escolaestevebarrachina\/wp-content\/uploads\/usu1360\/2022\/02\/projecte-innovacio.jpg\">El Departament d&#8217;Educaci\u00f3 ha atorgat a la nostra escola el Reconeixement de Projecte d&#8217;Innovaci\u00f3 Pedag\u00f2gica per tot el treball de disseny, implementaci\u00f3 i consolidaci\u00f3 dels ambients preparats i el treball globalitzat.<\/a><\/p>\n<p><a href=\"https:\/\/agora.xtec.cat\/escolaestevebarrachina\/wp-content\/uploads\/usu1360\/2022\/02\/projecte-innovacio.jpg\"><img loading=\"lazy\" decoding=\"async\" class=\"aligncenter size-full wp-image-11658\" src=\"https:\/\/agora.xtec.cat\/escolaestevebarrachina\/wp-content\/uploads\/usu1360\/2022\/02\/projecte-innovacio.jpg\" alt=\"\" width=\"800\" height=\"565\" srcset=\"https:\/\/agora.xtec.cat\/escolaestevebarrachina\/wp-content\/uploads\/usu1360\/2022\/02\/projecte-innovacio.jpg 800w, https:\/\/agora.xtec.cat\/escolaestevebarrachina\/wp-content\/uploads\/usu1360\/2022\/02\/projecte-innovacio-300x212.jpg 300w, https:\/\/agora.xtec.cat\/escolaestevebarrachina\/wp-content\/uploads\/usu1360\/2022\/02\/projecte-innovacio-768x542.jpg 768w\" sizes=\"auto, (max-width: 800px) 100vw, 800px\" \/><\/a><\/p>\n","protected":false},"excerpt":{"rendered":"<p><a href=\"https:\/\/agora.xtec.cat\/escolaestevebarrachina\/wp-content\/uploads\/usu1360\/2022\/02\/projecte-innovacio.jpg\">El Departament d&#8217;Educaci\u00f3 ha atorgat a la nostra escola el Reconeixement de Projecte d&#8217;Innovaci\u00f3 Pedag\u00f2gica per tot el treball de disseny, implementaci\u00f3 i consolidaci\u00f3 dels ambients preparats i el treball globalitzat.<\/a><br \/>\n<a href=\"https:\/\/agora.xtec.cat\/escolaestevebarrachina\/wp-content\/uploads\/usu1360\/2022\/02\/projecte-innovacio.jpg\"><\/a><\/p>\n","protected":false},"author":1,"featured_media":0,"comment_status":"open","ping_status":"closed","sticky":false,"template":"","format":"standard","meta":{"_bbp_topic_count":0,"_bbp_reply_count":0,"_bbp_total_topic_count":0,"_bbp_total_reply_count":0,"_bbp_voice_count":0,"_bbp_anonymous_reply_count":0,"_bbp_topic_count_hidden":0,"_bbp_reply_count_hidden":0,"_bbp_forum_subforum_count":0,"footnotes":""},"categories":[84,85,1,4,145],"tags":[],"class_list":["post-11657","post","type-post","status-publish","format-standard","hentry","category-activitats-del-centre","category-escola-estebe-barrachina","category-general","category-portada","category-primaria"],"post_mailing_queue_ids":[],"_links":{"self":[{"href":"https:\/\/agora.xtec.cat\/escolaestevebarrachina\/wp-json\/wp\/v2\/posts\/11657","targetHints":{"allow":["GET"]}}],"collection":[{"href":"https:\/\/agora.xtec.cat\/escolaestevebarrachina\/wp-json\/wp\/v2\/posts"}],"about":[{"href":"https:\/\/agora.xtec.cat\/escolaestevebarrachina\/wp-json\/wp\/v2\/types\/post"}],"author":[{"embeddable":true,"href":"https:\/\/agora.xtec.cat\/escolaestevebarrachina\/wp-json\/wp\/v2\/users\/1"}],"replies":[{"embeddable":true,"href":"https:\/\/agora.xtec.cat\/escolaestevebarrachina\/wp-json\/wp\/v2\/comments?post=11657"}],"version-history":[{"count":1,"href":"https:\/\/agora.xtec.cat\/escolaestevebarrachina\/wp-json\/wp\/v2\/posts\/11657\/revisions"}],"predecessor-version":[{"id":11659,"href":"https:\/\/agora.xtec.cat\/escolaestevebarrachina\/wp-json\/wp\/v2\/posts\/11657\/revisions\/11659"}],"wp:attachment":[{"href":"https:\/\/agora.xtec.cat\/escolaestevebarrachina\/wp-json\/wp\/v2\/media?parent=11657"}],"wp:term":[{"taxonomy":"category","embeddable":true,"href":"https:\/\/agora.xtec.cat\/escolaestevebarrachina\/wp-json\/wp\/v2\/categories?post=11657"},{"taxonomy":"post_tag","embeddable":true,"href":"https:\/\/agora.xtec.cat\/escolaestevebarrachina\/wp-json\/wp\/v2\/tags?post=11657"}],"curies":[{"name":"wp","href":"https:\/\/api.w.org\/{rel}","templated":true}]}}