{"id":11639,"date":"2022-01-21T11:46:14","date_gmt":"2022-01-21T10:46:14","guid":{"rendered":"https:\/\/agora.xtec.cat\/escolaestevebarrachina\/?p=11639"},"modified":"2022-10-15T18:29:33","modified_gmt":"2022-10-15T16:29:33","slug":"lescola-no-satura","status":"publish","type":"post","link":"https:\/\/agora.xtec.cat\/escolaestevebarrachina\/general\/lescola-no-satura\/","title":{"rendered":"L&#8217;escola no s&#8217;atura!"},"content":{"rendered":"<p><a href=\"https:\/\/agora.xtec.cat\/escolaestevebarrachina\/wp-content\/uploads\/usu1360\/2022\/01\/Ambients-a-P3.jpg\"><img loading=\"lazy\" decoding=\"async\" class=\"aligncenter size-large wp-image-11638\" src=\"https:\/\/agora.xtec.cat\/escolaestevebarrachina\/wp-content\/uploads\/usu1360\/2022\/01\/Ambients-a-P3-1024x576.jpg\" alt=\"\" width=\"1024\" height=\"576\" srcset=\"https:\/\/agora.xtec.cat\/escolaestevebarrachina\/wp-content\/uploads\/usu1360\/2022\/01\/Ambients-a-P3-1024x576.jpg 1024w, https:\/\/agora.xtec.cat\/escolaestevebarrachina\/wp-content\/uploads\/usu1360\/2022\/01\/Ambients-a-P3-300x169.jpg 300w, https:\/\/agora.xtec.cat\/escolaestevebarrachina\/wp-content\/uploads\/usu1360\/2022\/01\/Ambients-a-P3-768x432.jpg 768w, https:\/\/agora.xtec.cat\/escolaestevebarrachina\/wp-content\/uploads\/usu1360\/2022\/01\/Ambients-a-P3-1536x864.jpg 1536w, https:\/\/agora.xtec.cat\/escolaestevebarrachina\/wp-content\/uploads\/usu1360\/2022\/01\/Ambients-a-P3.jpg 1920w\" sizes=\"auto, (max-width: 1024px) 100vw, 1024px\" \/><\/a><\/p>\n<p>Aquest mes de gener est\u00e0 essent especialment complicat pel que fa a la gesti\u00f3 de casos de Covid19 a les escoles.<\/p>\n<p>Per\u00f2 l&#8217;activitat educativa no s&#8217;atura!<\/p>\n<p>Aqu\u00ed teniu alguns exemples de la tasca educativa que es continua fent, nom\u00e9s en una setmana, alhora que s&#8217;at\u00e9n de forma telem\u00e0tica l&#8217;alumnat que es troba confinat.<\/p>\n<p>&nbsp;<\/p>\n","protected":false},"excerpt":{"rendered":"<p><a href=\"https:\/\/agora.xtec.cat\/escolaestevebarrachina\/wp-content\/uploads\/usu1360\/2022\/01\/Ambients-a-P3.jpg\"><\/a><br \/>\nAquest mes de gener est\u00e0 essent especialment complicat pel que fa a la gesti\u00f3 de casos de Covid19 a les escoles.<br \/>\nPer\u00f2 l&#8217;activitat educativa no s&#8217;atura!<br \/>\nAqu\u00ed teniu alguns exemples de la tasca educativa que es continua fent, nom\u00e9s en una setmana, alhora que s&#8217;at\u00e9n de&hellip;  <a href=\"https:\/\/agora.xtec.cat\/escolaestevebarrachina\/general\/lescola-no-satura\/\" title=\"Read L&#8217;escola no s&#8217;atura!\">Llegeix m\u00e9s\u00bb<\/a><\/p>\n","protected":false},"author":1,"featured_media":0,"comment_status":"open","ping_status":"closed","sticky":false,"template":"","format":"standard","meta":{"_bbp_topic_count":0,"_bbp_reply_count":0,"_bbp_total_topic_count":0,"_bbp_total_reply_count":0,"_bbp_voice_count":0,"_bbp_anonymous_reply_count":0,"_bbp_topic_count_hidden":0,"_bbp_reply_count_hidden":0,"_bbp_forum_subforum_count":0,"footnotes":""},"categories":[84,85,1,4],"tags":[],"class_list":["post-11639","post","type-post","status-publish","format-standard","hentry","category-activitats-del-centre","category-escola-estebe-barrachina","category-general","category-portada"],"post_mailing_queue_ids":[],"_links":{"self":[{"href":"https:\/\/agora.xtec.cat\/escolaestevebarrachina\/wp-json\/wp\/v2\/posts\/11639","targetHints":{"allow":["GET"]}}],"collection":[{"href":"https:\/\/agora.xtec.cat\/escolaestevebarrachina\/wp-json\/wp\/v2\/posts"}],"about":[{"href":"https:\/\/agora.xtec.cat\/escolaestevebarrachina\/wp-json\/wp\/v2\/types\/post"}],"author":[{"embeddable":true,"href":"https:\/\/agora.xtec.cat\/escolaestevebarrachina\/wp-json\/wp\/v2\/users\/1"}],"replies":[{"embeddable":true,"href":"https:\/\/agora.xtec.cat\/escolaestevebarrachina\/wp-json\/wp\/v2\/comments?post=11639"}],"version-history":[{"count":1,"href":"https:\/\/agora.xtec.cat\/escolaestevebarrachina\/wp-json\/wp\/v2\/posts\/11639\/revisions"}],"predecessor-version":[{"id":11640,"href":"https:\/\/agora.xtec.cat\/escolaestevebarrachina\/wp-json\/wp\/v2\/posts\/11639\/revisions\/11640"}],"wp:attachment":[{"href":"https:\/\/agora.xtec.cat\/escolaestevebarrachina\/wp-json\/wp\/v2\/media?parent=11639"}],"wp:term":[{"taxonomy":"category","embeddable":true,"href":"https:\/\/agora.xtec.cat\/escolaestevebarrachina\/wp-json\/wp\/v2\/categories?post=11639"},{"taxonomy":"post_tag","embeddable":true,"href":"https:\/\/agora.xtec.cat\/escolaestevebarrachina\/wp-json\/wp\/v2\/tags?post=11639"}],"curies":[{"name":"wp","href":"https:\/\/api.w.org\/{rel}","templated":true}]}}