{"id":11572,"date":"2021-04-21T12:08:07","date_gmt":"2021-04-21T10:08:07","guid":{"rendered":"https:\/\/agora.xtec.cat\/escolaestevebarrachina\/?p=11572"},"modified":"2022-01-21T11:49:51","modified_gmt":"2022-01-21T10:49:51","slug":"recapte-daliments-2021","status":"publish","type":"post","link":"https:\/\/agora.xtec.cat\/escolaestevebarrachina\/general\/recapte-daliments-2021\/","title":{"rendered":"Recapte d&#8217;Aliments 2021"},"content":{"rendered":"<div><a href=\"https:\/\/agora.xtec.cat\/escolaestevebarrachina\/wp-content\/uploads\/usu1360\/2021\/04\/cartell-recapte-2021.jpg\"><img loading=\"lazy\" decoding=\"async\" class=\"aligncenter size-large wp-image-11573\" src=\"https:\/\/agora.xtec.cat\/escolaestevebarrachina\/wp-content\/uploads\/usu1360\/2021\/04\/cartell-recapte-2021-724x1024.jpg\" alt=\"\" width=\"724\" height=\"1024\" srcset=\"https:\/\/agora.xtec.cat\/escolaestevebarrachina\/wp-content\/uploads\/usu1360\/2021\/04\/cartell-recapte-2021-724x1024.jpg 724w, https:\/\/agora.xtec.cat\/escolaestevebarrachina\/wp-content\/uploads\/usu1360\/2021\/04\/cartell-recapte-2021-212x300.jpg 212w, https:\/\/agora.xtec.cat\/escolaestevebarrachina\/wp-content\/uploads\/usu1360\/2021\/04\/cartell-recapte-2021-768x1086.jpg 768w, https:\/\/agora.xtec.cat\/escolaestevebarrachina\/wp-content\/uploads\/usu1360\/2021\/04\/cartell-recapte-2021.jpg 800w\" sizes=\"auto, (max-width: 724px) 100vw, 724px\" \/><\/a><\/div>\n<div><\/div>\n<div><\/div>\n<div>Ja fa uns quants anys que l&#8217;escola Esteve Barrachina du a terme amb els alumnes de 4t un projecte d&#8217;aprenentatge servei que culmina amb el Gran Recapte d&#8217;Aliments.<\/div>\n<div>Es tracta d&#8217;un projecte globalitzat a trav\u00e9s del qual es treballen diferents continguts de les \u00e0rees de llengua, matem\u00e0tiques, medi social i medi natural.<\/div>\n<div>Per\u00f2 sobretot es tracta d&#8217;una iniciativa solid\u00e0ria que no s&#8217;ha deixat perdre ni tansols durant el confinament dur del curs 19-20.<\/div>\n<div>En col\u00b7laboraci\u00f3 amb C\u00e0ritas de Sitges, els nois i noies coneixen la tasca d&#8217;aquesta organitzaci\u00f3, descobreixen i comparteixen problem\u00e0tiques socials del seu entorn i participen durant tota una setmana en la recollida d&#8217;aliments de llarga caducitat que posteriorment registraran i classificaran amb finalitats estad\u00edstiques.<\/div>\n<div>Finalment, en una petita cerim\u00f2nia es fa l&#8217;acte d&#8217;entrega a C\u00e0ritas de tots els aliments recollits.<\/div>\n<div>Aquest any les donacions es podran fer la setmana del 26 al 30 d&#8217;abril, a les entrades i sortides de l&#8217;escola (mat\u00ed, migdia i tarda).<\/div>\n<div>Donada l&#8217;actual crisi econ\u00f2mica generada per la pand\u00e8mia, \u00e9s de vital import\u00e0ncia que el projecte del recapte d&#8217;aliments no perdi embranzida.<\/div>\n<div>JUNTS FEM UN M\u00d3N MILLOR!<\/div>\n<div><\/div>\n","protected":false},"excerpt":{"rendered":"<p><a href=\"https:\/\/agora.xtec.cat\/escolaestevebarrachina\/wp-content\/uploads\/usu1360\/2021\/04\/cartell-recapte-2021.jpg\"><\/a><\/p>\n<p>Ja fa uns quants anys que l&#8217;escola Esteve Barrachina du a terme amb els alumnes de 4t un projecte d&#8217;aprenentatge servei que culmina amb el Gran Recapte d&#8217;Aliments.<br \/>\nEs tracta d&#8217;un projecte globalitzat a trav\u00e9s del qual es treballen diferents continguts de les \u00e0rees de&hellip;  <a href=\"https:\/\/agora.xtec.cat\/escolaestevebarrachina\/general\/recapte-daliments-2021\/\" title=\"Read Recapte d&#8217;Aliments 2021\">Llegeix m\u00e9s\u00bb<\/a><\/p>\n","protected":false},"author":1,"featured_media":0,"comment_status":"open","ping_status":"closed","sticky":false,"template":"","format":"standard","meta":{"_bbp_topic_count":0,"_bbp_reply_count":0,"_bbp_total_topic_count":0,"_bbp_total_reply_count":0,"_bbp_voice_count":0,"_bbp_anonymous_reply_count":0,"_bbp_topic_count_hidden":0,"_bbp_reply_count_hidden":0,"_bbp_forum_subforum_count":0,"footnotes":""},"categories":[84,5,99,1,4,145],"tags":[],"class_list":["post-11572","post","type-post","status-publish","format-standard","hentry","category-activitats-del-centre","category-escola","category-cicle-mitja","category-general","category-portada","category-primaria"],"post_mailing_queue_ids":[],"_links":{"self":[{"href":"https:\/\/agora.xtec.cat\/escolaestevebarrachina\/wp-json\/wp\/v2\/posts\/11572","targetHints":{"allow":["GET"]}}],"collection":[{"href":"https:\/\/agora.xtec.cat\/escolaestevebarrachina\/wp-json\/wp\/v2\/posts"}],"about":[{"href":"https:\/\/agora.xtec.cat\/escolaestevebarrachina\/wp-json\/wp\/v2\/types\/post"}],"author":[{"embeddable":true,"href":"https:\/\/agora.xtec.cat\/escolaestevebarrachina\/wp-json\/wp\/v2\/users\/1"}],"replies":[{"embeddable":true,"href":"https:\/\/agora.xtec.cat\/escolaestevebarrachina\/wp-json\/wp\/v2\/comments?post=11572"}],"version-history":[{"count":2,"href":"https:\/\/agora.xtec.cat\/escolaestevebarrachina\/wp-json\/wp\/v2\/posts\/11572\/revisions"}],"predecessor-version":[{"id":11575,"href":"https:\/\/agora.xtec.cat\/escolaestevebarrachina\/wp-json\/wp\/v2\/posts\/11572\/revisions\/11575"}],"wp:attachment":[{"href":"https:\/\/agora.xtec.cat\/escolaestevebarrachina\/wp-json\/wp\/v2\/media?parent=11572"}],"wp:term":[{"taxonomy":"category","embeddable":true,"href":"https:\/\/agora.xtec.cat\/escolaestevebarrachina\/wp-json\/wp\/v2\/categories?post=11572"},{"taxonomy":"post_tag","embeddable":true,"href":"https:\/\/agora.xtec.cat\/escolaestevebarrachina\/wp-json\/wp\/v2\/tags?post=11572"}],"curies":[{"name":"wp","href":"https:\/\/api.w.org\/{rel}","templated":true}]}}