{"id":11557,"date":"2021-03-09T12:03:57","date_gmt":"2021-03-09T11:03:57","guid":{"rendered":"https:\/\/agora.xtec.cat\/escolaestevebarrachina\/?p=11557"},"modified":"2022-01-21T11:51:04","modified_gmt":"2022-01-21T10:51:04","slug":"preinscripcio-2021-tot-el-proces-es-telematic","status":"publish","type":"post","link":"https:\/\/agora.xtec.cat\/escolaestevebarrachina\/general\/preinscripcio-2021-tot-el-proces-es-telematic\/","title":{"rendered":"Preinscripci\u00f3 2021. Tot el proc\u00e9s \u00e9s telem\u00e0tic!"},"content":{"rendered":"<div><a href=\"https:\/\/agora.xtec.cat\/escolaestevebarrachina\/wp-content\/uploads\/usu1360\/2021\/03\/Captura-de-pantalla-2021-03-09-120101.png\"><img loading=\"lazy\" decoding=\"async\" class=\"aligncenter size-full wp-image-11558\" src=\"https:\/\/agora.xtec.cat\/escolaestevebarrachina\/wp-content\/uploads\/usu1360\/2021\/03\/Captura-de-pantalla-2021-03-09-120101.png\" alt=\"\" width=\"856\" height=\"424\" srcset=\"https:\/\/agora.xtec.cat\/escolaestevebarrachina\/wp-content\/uploads\/usu1360\/2021\/03\/Captura-de-pantalla-2021-03-09-120101.png 856w, https:\/\/agora.xtec.cat\/escolaestevebarrachina\/wp-content\/uploads\/usu1360\/2021\/03\/Captura-de-pantalla-2021-03-09-120101-300x149.png 300w, https:\/\/agora.xtec.cat\/escolaestevebarrachina\/wp-content\/uploads\/usu1360\/2021\/03\/Captura-de-pantalla-2021-03-09-120101-768x380.png 768w\" sizes=\"auto, (max-width: 856px) 100vw, 856px\" \/><\/a><\/div>\n<div>Compartim amb vosaltres el portal web creat pel Departament d&#8217;Educaci\u00f3 on trobareu tota la informaci\u00f3 referent al proc\u00e9s de Preinscripci\u00f3 i <strong>a trav\u00e9s del qual haureu de dur a terme tots el tr\u00e0mits<\/strong>.<\/div>\n<div>Recordeu que aquest curs TOTES LES GESTIONS es fa de manera telem\u00e0tica.<\/div>\n<div>Accediu-hi des d&#8217;aqu\u00ed:\u00a0<a href=\"https:\/\/preinscripcio.gencat.cat\/ca\/inici\/\" target=\"_blank\" rel=\"noreferrer noopener\">https:\/\/preinscripcio.gencat.cat\/ca\/inici\/<\/a><\/div>\n<div>La presentaci\u00f3 de les sol\u00b7licituds s&#8217;haur\u00e0 de fer entre el 15 i el 24 de mar\u00e7.<\/div>\n<div><\/div>\n<div>\n<div dir=\"ltr\">Si necessiteu ajuda contacteu amb nosaltres!<\/div>\n<\/div>\n","protected":false},"excerpt":{"rendered":"<p><a href=\"https:\/\/agora.xtec.cat\/escolaestevebarrachina\/wp-content\/uploads\/usu1360\/2021\/03\/Captura-de-pantalla-2021-03-09-120101.png\"><\/a><br \/>\nCompartim amb vosaltres el portal web creat pel Departament d&#8217;Educaci\u00f3 on trobareu tota la informaci\u00f3 referent al proc\u00e9s de Preinscripci\u00f3 i a trav\u00e9s del qual haureu de dur a terme tots el tr\u00e0mits.<br \/>\nRecordeu que aquest curs TOTES LES GESTIONS es fa de manera telem\u00e0tica.<br \/>\nAccediu-hi&hellip;  <a href=\"https:\/\/agora.xtec.cat\/escolaestevebarrachina\/general\/preinscripcio-2021-tot-el-proces-es-telematic\/\" title=\"Read Preinscripci\u00f3 2021. Tot el proc\u00e9s \u00e9s telem\u00e0tic!\">Llegeix m\u00e9s\u00bb<\/a><\/p>\n","protected":false},"author":1,"featured_media":0,"comment_status":"open","ping_status":"closed","sticky":false,"template":"","format":"standard","meta":{"_bbp_topic_count":0,"_bbp_reply_count":0,"_bbp_total_topic_count":0,"_bbp_total_reply_count":0,"_bbp_voice_count":0,"_bbp_anonymous_reply_count":0,"_bbp_topic_count_hidden":0,"_bbp_reply_count_hidden":0,"_bbp_forum_subforum_count":0,"footnotes":""},"categories":[1,4],"tags":[],"class_list":["post-11557","post","type-post","status-publish","format-standard","hentry","category-general","category-portada"],"post_mailing_queue_ids":[],"_links":{"self":[{"href":"https:\/\/agora.xtec.cat\/escolaestevebarrachina\/wp-json\/wp\/v2\/posts\/11557","targetHints":{"allow":["GET"]}}],"collection":[{"href":"https:\/\/agora.xtec.cat\/escolaestevebarrachina\/wp-json\/wp\/v2\/posts"}],"about":[{"href":"https:\/\/agora.xtec.cat\/escolaestevebarrachina\/wp-json\/wp\/v2\/types\/post"}],"author":[{"embeddable":true,"href":"https:\/\/agora.xtec.cat\/escolaestevebarrachina\/wp-json\/wp\/v2\/users\/1"}],"replies":[{"embeddable":true,"href":"https:\/\/agora.xtec.cat\/escolaestevebarrachina\/wp-json\/wp\/v2\/comments?post=11557"}],"version-history":[{"count":1,"href":"https:\/\/agora.xtec.cat\/escolaestevebarrachina\/wp-json\/wp\/v2\/posts\/11557\/revisions"}],"predecessor-version":[{"id":11559,"href":"https:\/\/agora.xtec.cat\/escolaestevebarrachina\/wp-json\/wp\/v2\/posts\/11557\/revisions\/11559"}],"wp:attachment":[{"href":"https:\/\/agora.xtec.cat\/escolaestevebarrachina\/wp-json\/wp\/v2\/media?parent=11557"}],"wp:term":[{"taxonomy":"category","embeddable":true,"href":"https:\/\/agora.xtec.cat\/escolaestevebarrachina\/wp-json\/wp\/v2\/categories?post=11557"},{"taxonomy":"post_tag","embeddable":true,"href":"https:\/\/agora.xtec.cat\/escolaestevebarrachina\/wp-json\/wp\/v2\/tags?post=11557"}],"curies":[{"name":"wp","href":"https:\/\/api.w.org\/{rel}","templated":true}]}}