{"id":11550,"date":"2021-02-19T10:02:47","date_gmt":"2021-02-19T09:02:47","guid":{"rendered":"https:\/\/agora.xtec.cat\/escolaestevebarrachina\/?p=11550"},"modified":"2022-01-21T11:51:36","modified_gmt":"2022-01-21T10:51:36","slug":"aquesta-tarda-muntem-un-bon-cacau","status":"publish","type":"post","link":"https:\/\/agora.xtec.cat\/escolaestevebarrachina\/general\/aquesta-tarda-muntem-un-bon-cacau\/","title":{"rendered":"Aquesta tarda MUNTEM UN BON CACAU!"},"content":{"rendered":"<p><a href=\"https:\/\/agora.xtec.cat\/escolaestevebarrachina\/wp-content\/uploads\/usu1360\/2021\/02\/1613509217-d567-chocolatada-2021-cat-imp-page-0001.jpg\"><img loading=\"lazy\" decoding=\"async\" class=\"aligncenter size-large wp-image-11551\" src=\"https:\/\/agora.xtec.cat\/escolaestevebarrachina\/wp-content\/uploads\/usu1360\/2021\/02\/1613509217-d567-chocolatada-2021-cat-imp-page-0001-724x1024.jpg\" alt=\"\" width=\"724\" height=\"1024\" srcset=\"https:\/\/agora.xtec.cat\/escolaestevebarrachina\/wp-content\/uploads\/usu1360\/2021\/02\/1613509217-d567-chocolatada-2021-cat-imp-page-0001-724x1024.jpg 724w, https:\/\/agora.xtec.cat\/escolaestevebarrachina\/wp-content\/uploads\/usu1360\/2021\/02\/1613509217-d567-chocolatada-2021-cat-imp-page-0001-212x300.jpg 212w, https:\/\/agora.xtec.cat\/escolaestevebarrachina\/wp-content\/uploads\/usu1360\/2021\/02\/1613509217-d567-chocolatada-2021-cat-imp-page-0001-768x1086.jpg 768w, https:\/\/agora.xtec.cat\/escolaestevebarrachina\/wp-content\/uploads\/usu1360\/2021\/02\/1613509217-d567-chocolatada-2021-cat-imp-page-0001.jpg 800w\" sizes=\"auto, (max-width: 724px) 100vw, 724px\" \/><\/a><\/p>\n<p>Cada any l&#8217;AMPA de l&#8217;escola organitza la Xocolatada Solid\u00e0ria per col\u00b7laborar en la lluita contra el c\u00e0ncer infantil.<\/p>\n<p>Enguany amb m\u00e9s dificultats a causa de les mesures sanit\u00e0ries imposades per la Covid19, per\u00f2 no han deixat de fer-ho.<\/p>\n<p>Gr\u00e0cies per l&#8217;esfor\u00e7!!<\/p>\n","protected":false},"excerpt":{"rendered":"<p><a href=\"https:\/\/agora.xtec.cat\/escolaestevebarrachina\/wp-content\/uploads\/usu1360\/2021\/02\/1613509217-d567-chocolatada-2021-cat-imp-page-0001.jpg\"><\/a><br \/>\nCada any l&#8217;AMPA de l&#8217;escola organitza la Xocolatada Solid\u00e0ria per col\u00b7laborar en la lluita contra el c\u00e0ncer infantil.<br \/>\nEnguany amb m\u00e9s dificultats a causa de les mesures sanit\u00e0ries imposades per la Covid19, per\u00f2 no han deixat de fer-ho.<br \/>\nGr\u00e0cies per l&#8217;esfor\u00e7!!<\/p>\n","protected":false},"author":1,"featured_media":0,"comment_status":"open","ping_status":"closed","sticky":false,"template":"","format":"standard","meta":{"_bbp_topic_count":0,"_bbp_reply_count":0,"_bbp_total_topic_count":0,"_bbp_total_reply_count":0,"_bbp_voice_count":0,"_bbp_anonymous_reply_count":0,"_bbp_topic_count_hidden":0,"_bbp_reply_count_hidden":0,"_bbp_forum_subforum_count":0,"footnotes":""},"categories":[1,4],"tags":[],"class_list":["post-11550","post","type-post","status-publish","format-standard","hentry","category-general","category-portada"],"post_mailing_queue_ids":[],"_links":{"self":[{"href":"https:\/\/agora.xtec.cat\/escolaestevebarrachina\/wp-json\/wp\/v2\/posts\/11550","targetHints":{"allow":["GET"]}}],"collection":[{"href":"https:\/\/agora.xtec.cat\/escolaestevebarrachina\/wp-json\/wp\/v2\/posts"}],"about":[{"href":"https:\/\/agora.xtec.cat\/escolaestevebarrachina\/wp-json\/wp\/v2\/types\/post"}],"author":[{"embeddable":true,"href":"https:\/\/agora.xtec.cat\/escolaestevebarrachina\/wp-json\/wp\/v2\/users\/1"}],"replies":[{"embeddable":true,"href":"https:\/\/agora.xtec.cat\/escolaestevebarrachina\/wp-json\/wp\/v2\/comments?post=11550"}],"version-history":[{"count":1,"href":"https:\/\/agora.xtec.cat\/escolaestevebarrachina\/wp-json\/wp\/v2\/posts\/11550\/revisions"}],"predecessor-version":[{"id":11552,"href":"https:\/\/agora.xtec.cat\/escolaestevebarrachina\/wp-json\/wp\/v2\/posts\/11550\/revisions\/11552"}],"wp:attachment":[{"href":"https:\/\/agora.xtec.cat\/escolaestevebarrachina\/wp-json\/wp\/v2\/media?parent=11550"}],"wp:term":[{"taxonomy":"category","embeddable":true,"href":"https:\/\/agora.xtec.cat\/escolaestevebarrachina\/wp-json\/wp\/v2\/categories?post=11550"},{"taxonomy":"post_tag","embeddable":true,"href":"https:\/\/agora.xtec.cat\/escolaestevebarrachina\/wp-json\/wp\/v2\/tags?post=11550"}],"curies":[{"name":"wp","href":"https:\/\/api.w.org\/{rel}","templated":true}]}}