{"id":11532,"date":"2021-02-03T19:10:14","date_gmt":"2021-02-03T18:10:14","guid":{"rendered":"https:\/\/agora.xtec.cat\/escolaestevebarrachina\/?p=11532"},"modified":"2022-01-21T11:52:12","modified_gmt":"2022-01-21T10:52:12","slug":"dia-escolar-de-la-no-violencia-i-la-pau","status":"publish","type":"post","link":"https:\/\/agora.xtec.cat\/escolaestevebarrachina\/general\/dia-escolar-de-la-no-violencia-i-la-pau\/","title":{"rendered":"Dia Escolar de la No-Viol\u00e8ncia i la Pau"},"content":{"rendered":"<p><a href=\"https:\/\/agora.xtec.cat\/escolaestevebarrachina\/wp-content\/uploads\/usu1360\/2021\/02\/Retrat-Lennon-.jpg\"><img loading=\"lazy\" decoding=\"async\" class=\"aligncenter size-large wp-image-11530\" src=\"https:\/\/agora.xtec.cat\/escolaestevebarrachina\/wp-content\/uploads\/usu1360\/2021\/02\/Retrat-Lennon--1024x768.jpg\" alt=\"\" width=\"1024\" height=\"768\" srcset=\"https:\/\/agora.xtec.cat\/escolaestevebarrachina\/wp-content\/uploads\/usu1360\/2021\/02\/Retrat-Lennon-.jpg 1024w, https:\/\/agora.xtec.cat\/escolaestevebarrachina\/wp-content\/uploads\/usu1360\/2021\/02\/Retrat-Lennon--300x225.jpg 300w, https:\/\/agora.xtec.cat\/escolaestevebarrachina\/wp-content\/uploads\/usu1360\/2021\/02\/Retrat-Lennon--768x576.jpg 768w, https:\/\/agora.xtec.cat\/escolaestevebarrachina\/wp-content\/uploads\/usu1360\/2021\/02\/Retrat-Lennon--200x150.jpg 200w\" sizes=\"auto, (max-width: 1024px) 100vw, 1024px\" \/><\/a><\/p>\n<p>En record de la mort de Mohandas Gandhi, el 30 de gener se celebra en escoles d&#8217;arreu del m\u00f3n el Dia Escolar de la No-Viol\u00e8ncia i la Pau.<\/p>\n<p>A la nostra escola, aquest curs hem fet una aproximaci\u00f3 a un altre personatge que va destacar, a m\u00e9s de per la seva m\u00fasica, per la seva missi\u00f3 pacifista: JOHN LENNON.<\/p>\n<p>Per aquest motiu hem decidit dedicar el DENIP a una de les seves can\u00e7ons m\u00e9s emblem\u00e0tiques, que aquest any compleix mig segle: &#8220;IMAGINE&#8221;.<\/p>\n<p>Aquesta can\u00e7\u00f3 \u00e9s una crida a fer la pau arreu del m\u00f3n i defensa que tots podem contribuir a que el m\u00f3n sigui un lloc millor.\u00a0Podem semblar uns somniadors, per\u00f2 si ens unim ho podem aconseguir&#8230; T&#8217;ho imagines?<\/p>\n","protected":false},"excerpt":{"rendered":"<p><a href=\"https:\/\/agora.xtec.cat\/escolaestevebarrachina\/wp-content\/uploads\/usu1360\/2021\/02\/Retrat-Lennon-.jpg\"><\/a><br \/>\nEn record de la mort de Mohandas Gandhi, el 30 de gener se celebra en escoles d&#8217;arreu del m\u00f3n el Dia Escolar de la No-Viol\u00e8ncia i la Pau.<br \/>\nA la nostra escola, aquest curs hem fet una aproximaci\u00f3 a un altre personatge que va destacar,&hellip;  <a href=\"https:\/\/agora.xtec.cat\/escolaestevebarrachina\/general\/dia-escolar-de-la-no-violencia-i-la-pau\/\" title=\"Read Dia Escolar de la No-Viol\u00e8ncia i la Pau\">Llegeix m\u00e9s\u00bb<\/a><\/p>\n","protected":false},"author":1,"featured_media":0,"comment_status":"open","ping_status":"closed","sticky":false,"template":"","format":"standard","meta":{"_bbp_topic_count":0,"_bbp_reply_count":0,"_bbp_total_topic_count":0,"_bbp_total_reply_count":0,"_bbp_voice_count":0,"_bbp_anonymous_reply_count":0,"_bbp_topic_count_hidden":0,"_bbp_reply_count_hidden":0,"_bbp_forum_subforum_count":0,"footnotes":""},"categories":[1,4],"tags":[],"class_list":["post-11532","post","type-post","status-publish","format-standard","hentry","category-general","category-portada"],"post_mailing_queue_ids":[],"_links":{"self":[{"href":"https:\/\/agora.xtec.cat\/escolaestevebarrachina\/wp-json\/wp\/v2\/posts\/11532","targetHints":{"allow":["GET"]}}],"collection":[{"href":"https:\/\/agora.xtec.cat\/escolaestevebarrachina\/wp-json\/wp\/v2\/posts"}],"about":[{"href":"https:\/\/agora.xtec.cat\/escolaestevebarrachina\/wp-json\/wp\/v2\/types\/post"}],"author":[{"embeddable":true,"href":"https:\/\/agora.xtec.cat\/escolaestevebarrachina\/wp-json\/wp\/v2\/users\/1"}],"replies":[{"embeddable":true,"href":"https:\/\/agora.xtec.cat\/escolaestevebarrachina\/wp-json\/wp\/v2\/comments?post=11532"}],"version-history":[{"count":1,"href":"https:\/\/agora.xtec.cat\/escolaestevebarrachina\/wp-json\/wp\/v2\/posts\/11532\/revisions"}],"predecessor-version":[{"id":11533,"href":"https:\/\/agora.xtec.cat\/escolaestevebarrachina\/wp-json\/wp\/v2\/posts\/11532\/revisions\/11533"}],"wp:attachment":[{"href":"https:\/\/agora.xtec.cat\/escolaestevebarrachina\/wp-json\/wp\/v2\/media?parent=11532"}],"wp:term":[{"taxonomy":"category","embeddable":true,"href":"https:\/\/agora.xtec.cat\/escolaestevebarrachina\/wp-json\/wp\/v2\/categories?post=11532"},{"taxonomy":"post_tag","embeddable":true,"href":"https:\/\/agora.xtec.cat\/escolaestevebarrachina\/wp-json\/wp\/v2\/tags?post=11532"}],"curies":[{"name":"wp","href":"https:\/\/api.w.org\/{rel}","templated":true}]}}