{"id":11510,"date":"2020-11-16T10:08:17","date_gmt":"2020-11-16T09:08:17","guid":{"rendered":"https:\/\/agora.xtec.cat\/escolaestevebarrachina\/?p=11510"},"modified":"2022-01-21T11:52:41","modified_gmt":"2022-01-21T10:52:41","slug":"setmana-de-la-musica","status":"publish","type":"post","link":"https:\/\/agora.xtec.cat\/escolaestevebarrachina\/general\/setmana-de-la-musica\/","title":{"rendered":"Setmana de la M\u00fasica"},"content":{"rendered":"<p><a href=\"https:\/\/agora.xtec.cat\/escolaestevebarrachina\/wp-content\/uploads\/usu1360\/2020\/11\/cartell-setmana-de-la-musica.jpg\"><img loading=\"lazy\" decoding=\"async\" class=\"alignnone size-large wp-image-11511\" src=\"https:\/\/agora.xtec.cat\/escolaestevebarrachina\/wp-content\/uploads\/usu1360\/2020\/11\/cartell-setmana-de-la-musica-683x1024.jpg\" alt=\"\" width=\"683\" height=\"1024\" srcset=\"https:\/\/agora.xtec.cat\/escolaestevebarrachina\/wp-content\/uploads\/usu1360\/2020\/11\/cartell-setmana-de-la-musica-683x1024.jpg 683w, https:\/\/agora.xtec.cat\/escolaestevebarrachina\/wp-content\/uploads\/usu1360\/2020\/11\/cartell-setmana-de-la-musica-200x300.jpg 200w, https:\/\/agora.xtec.cat\/escolaestevebarrachina\/wp-content\/uploads\/usu1360\/2020\/11\/cartell-setmana-de-la-musica-768x1152.jpg 768w, https:\/\/agora.xtec.cat\/escolaestevebarrachina\/wp-content\/uploads\/usu1360\/2020\/11\/cartell-setmana-de-la-musica.jpg 800w\" sizes=\"auto, (max-width: 683px) 100vw, 683px\" \/><\/a><\/p>\n<p><strong>PROGRAMA DE LA SETMANA DE LA M\u00daSICA 2020<\/strong><br \/>\n<strong>Dilluns 16<\/strong><br \/>\nEls gegants musicals (al Retiro): P3A, P3C, P4A, P4B, P5A i P5C<br \/>\nUna audici\u00f3 on aprendrem el nom i el funcionament dels gegants musicals de cada fam\u00edlia: vent, corda i percussi\u00f3 (m\u00e9s info <a href=\"https:\/\/www.audicions.com\/els-gegants-musicals\">aqu\u00ed<\/a>)<br \/>\n<strong>Dimarts 17<\/strong><br \/>\nEls gegants musicals (al Retiro): P3B, P4C i P5B<br \/>\n<strong>Divendres 20<\/strong><br \/>\nExperiments musicals: 1r<br \/>\nUn taller participatiu on descobrirem instruments de petita percussi\u00f3 com ara la kalimba africana, el tambor de mar o el vibra-tone (m\u00e9s info <a href=\"https:\/\/planetabateria.com\/tallerexperimentsmusicals\/\">aqu\u00ed<\/a>)<br \/>\n<strong>Diumenge 22, Dia de la M\u00fasica (Santa Cec\u00edlia)<\/strong><br \/>\nFem m\u00fasica a casa! (Atents al mur de Dinantia)<br \/>\n<strong>Dimecres 25<\/strong><br \/>\nEls viatges de la guitarra (al Retiro): Comunitats de Mitjans i Grans<br \/>\nUna audici\u00f3 on coneixerem les guitarres d\u2019arreu del m\u00f3n i com es van anar adaptant als diferents estils i necessitats de cada lloc (m\u00e9s info <a href=\"https:\/\/www.audicions.com\/els-viatges-de-la-guitarra\">aqu\u00ed<\/a>)<br \/>\n<strong>De dilluns 16 a dimecres 25<\/strong><br \/>\nActivitats musicals a l&#8217;aula:<br \/>\n\u2022 <em>Concerts de Santa Cec\u00edlia<\/em>. Mitjans i Grans que estudien m\u00fasica oferiran una mostra als companys, en directe o mitjan\u00e7ant v\u00eddeos.<br \/>\n\u2022 <em>Let&#8217;s make maracas!<\/em> Els Mitjans elaboraran unes maraques a la classe d&#8217;angl\u00e8s.<br \/>\n\u2022 <em>Pluja de t\u00edtols per la can\u00e7\u00f3 del 60\u00e8 aniversari.<\/em> Mitjans i Grans faran una pluja d&#8217;idees per a trobar un t\u00edtol per la can\u00e7\u00f3.<br \/>\n\u2022 <em>Toquem instruments!<\/em> Petits i Mitjans portaran instruments i farem m\u00fasica tots junts. Veurem tamb\u00e9 els dibuixos i v\u00eddeos gravats a casa.<br \/>\n\u2022 <em>Contes sobre m\u00fasica.<\/em> Per als Petits i Mitjans, contes sobre m\u00fasics, instruments i els valors que transmet la m\u00fasica. Els alumnes tamb\u00e9 portaran llibres per a mostrar als companys.<br \/>\n\u2022 <em>Tribut a John Lennon<\/em>. Els Grans recordarem la figura de John Lennon a les portes del 40\u00e8 aniversari de la seva mort. Aquest tribut s&#8217;allargar\u00e0 fins al Dia de la Pau, al gener, que girar\u00e0 entorn la can\u00e7\u00f3 \u201cImagine\u201d.<br \/>\n<strong>Dimecres 25<\/strong><br \/>\nCloenda de la Setmana de la M\u00fasica amb l&#8217;anunci oficial del t\u00edtol de la can\u00e7\u00f3 del 60\u00e8 aniversari.<\/p>\n","protected":false},"excerpt":{"rendered":"<p><a href=\"https:\/\/agora.xtec.cat\/escolaestevebarrachina\/wp-content\/uploads\/usu1360\/2020\/11\/cartell-setmana-de-la-musica.jpg\"><\/a><br \/>\nPROGRAMA DE LA SETMANA DE LA M\u00daSICA 2020<br \/>\nDilluns 16<br \/>\nEls gegants musicals (al Retiro): P3A, P3C, P4A, P4B, P5A i P5C<br \/>\nUna audici\u00f3 on aprendrem el nom i el funcionament dels gegants musicals de cada fam\u00edlia: vent, corda i percussi\u00f3 (m\u00e9s info <a href=\"https:\/\/www.audicions.com\/els-gegants-musicals\">aqu\u00ed<\/a>)<br \/>\nDimarts 17<br \/>\nEls gegants&hellip;  <a href=\"https:\/\/agora.xtec.cat\/escolaestevebarrachina\/general\/setmana-de-la-musica\/\" title=\"Read Setmana de la M\u00fasica\">Llegeix m\u00e9s\u00bb<\/a><\/p>\n","protected":false},"author":1,"featured_media":11511,"comment_status":"open","ping_status":"closed","sticky":false,"template":"","format":"standard","meta":{"_bbp_topic_count":0,"_bbp_reply_count":0,"_bbp_total_topic_count":0,"_bbp_total_reply_count":0,"_bbp_voice_count":0,"_bbp_anonymous_reply_count":0,"_bbp_topic_count_hidden":0,"_bbp_reply_count_hidden":0,"_bbp_forum_subforum_count":0,"footnotes":""},"categories":[84,5,1,4],"tags":[],"class_list":["post-11510","post","type-post","status-publish","format-standard","has-post-thumbnail","hentry","category-activitats-del-centre","category-escola","category-general","category-portada"],"post_mailing_queue_ids":[],"_links":{"self":[{"href":"https:\/\/agora.xtec.cat\/escolaestevebarrachina\/wp-json\/wp\/v2\/posts\/11510","targetHints":{"allow":["GET"]}}],"collection":[{"href":"https:\/\/agora.xtec.cat\/escolaestevebarrachina\/wp-json\/wp\/v2\/posts"}],"about":[{"href":"https:\/\/agora.xtec.cat\/escolaestevebarrachina\/wp-json\/wp\/v2\/types\/post"}],"author":[{"embeddable":true,"href":"https:\/\/agora.xtec.cat\/escolaestevebarrachina\/wp-json\/wp\/v2\/users\/1"}],"replies":[{"embeddable":true,"href":"https:\/\/agora.xtec.cat\/escolaestevebarrachina\/wp-json\/wp\/v2\/comments?post=11510"}],"version-history":[{"count":3,"href":"https:\/\/agora.xtec.cat\/escolaestevebarrachina\/wp-json\/wp\/v2\/posts\/11510\/revisions"}],"predecessor-version":[{"id":11547,"href":"https:\/\/agora.xtec.cat\/escolaestevebarrachina\/wp-json\/wp\/v2\/posts\/11510\/revisions\/11547"}],"wp:featuredmedia":[{"embeddable":true,"href":"https:\/\/agora.xtec.cat\/escolaestevebarrachina\/wp-json\/wp\/v2\/media\/11511"}],"wp:attachment":[{"href":"https:\/\/agora.xtec.cat\/escolaestevebarrachina\/wp-json\/wp\/v2\/media?parent=11510"}],"wp:term":[{"taxonomy":"category","embeddable":true,"href":"https:\/\/agora.xtec.cat\/escolaestevebarrachina\/wp-json\/wp\/v2\/categories?post=11510"},{"taxonomy":"post_tag","embeddable":true,"href":"https:\/\/agora.xtec.cat\/escolaestevebarrachina\/wp-json\/wp\/v2\/tags?post=11510"}],"curies":[{"name":"wp","href":"https:\/\/api.w.org\/{rel}","templated":true}]}}