{"id":11462,"date":"2020-08-28T14:46:12","date_gmt":"2020-08-28T12:46:12","guid":{"rendered":"https:\/\/agora.xtec.cat\/escolaestevebarrachina\/?p=11462"},"modified":"2020-11-16T10:11:26","modified_gmt":"2020-11-16T09:11:26","slug":"tornada-a-lescola","status":"publish","type":"post","link":"https:\/\/agora.xtec.cat\/escolaestevebarrachina\/general\/tornada-a-lescola\/","title":{"rendered":"Tornada a l&#8217;escola"},"content":{"rendered":"<p><a href=\"https:\/\/agora.xtec.cat\/escolaestevebarrachina\/wp-content\/uploads\/usu1360\/2020\/08\/TENIM-UN-PLA.jpg\"><img loading=\"lazy\" decoding=\"async\" class=\"alignnone size-large wp-image-11463\" src=\"https:\/\/agora.xtec.cat\/escolaestevebarrachina\/wp-content\/uploads\/usu1360\/2020\/08\/TENIM-UN-PLA-1024x1024.jpg\" alt=\"\" width=\"1024\" height=\"1024\" srcset=\"https:\/\/agora.xtec.cat\/escolaestevebarrachina\/wp-content\/uploads\/usu1360\/2020\/08\/TENIM-UN-PLA-1024x1024.jpg 1024w, https:\/\/agora.xtec.cat\/escolaestevebarrachina\/wp-content\/uploads\/usu1360\/2020\/08\/TENIM-UN-PLA-150x150.jpg 150w, https:\/\/agora.xtec.cat\/escolaestevebarrachina\/wp-content\/uploads\/usu1360\/2020\/08\/TENIM-UN-PLA-300x300.jpg 300w, https:\/\/agora.xtec.cat\/escolaestevebarrachina\/wp-content\/uploads\/usu1360\/2020\/08\/TENIM-UN-PLA-768x768.jpg 768w, https:\/\/agora.xtec.cat\/escolaestevebarrachina\/wp-content\/uploads\/usu1360\/2020\/08\/TENIM-UN-PLA.jpg 1080w\" sizes=\"auto, (max-width: 1024px) 100vw, 1024px\" \/><\/a><\/p>\n<p>El Pla d&#8217;Organitzaci\u00f3 de Centre per al curs 20-21 est\u00e0 elaborat i aprovat pel Consell Escolar des de finals de juliol.<\/p>\n<p>Aquest Pla pot patir encara alguna modificaci\u00f3 a causa de les decisions que van prenent els nostres governants.<\/p>\n<p>\u00c9s per aix\u00f2 que restem a l&#8217;espera de les \u00faltimes instruccions del Departament d&#8217;Educaci\u00f3 abans de fer-lo p\u00fablic.<\/p>\n<p>En els propers dies rebreu tota la informaci\u00f3 relativa al funcionament d&#8217;aquest curs que, recordeu, inicia de\u00a0<b>forma presencial el 14 de setembre<\/b>.<\/p>\n","protected":false},"excerpt":{"rendered":"<p><a href=\"https:\/\/agora.xtec.cat\/escolaestevebarrachina\/wp-content\/uploads\/usu1360\/2020\/08\/TENIM-UN-PLA.jpg\"><\/a><br \/>\nEl Pla d&#8217;Organitzaci\u00f3 de Centre per al curs 20-21 est\u00e0 elaborat i aprovat pel Consell Escolar des de finals de juliol.<br \/>\nAquest Pla pot patir encara alguna modificaci\u00f3 a causa de les decisions que van prenent els nostres governants.<br \/>\n\u00c9s per aix\u00f2 que restem a l&#8217;espera&hellip;  <a href=\"https:\/\/agora.xtec.cat\/escolaestevebarrachina\/general\/tornada-a-lescola\/\" title=\"Read Tornada a l&#8217;escola\">Llegeix m\u00e9s\u00bb<\/a><\/p>\n","protected":false},"author":1,"featured_media":0,"comment_status":"open","ping_status":"closed","sticky":false,"template":"","format":"standard","meta":{"_bbp_topic_count":0,"_bbp_reply_count":0,"_bbp_total_topic_count":0,"_bbp_total_reply_count":0,"_bbp_voice_count":0,"_bbp_anonymous_reply_count":0,"_bbp_topic_count_hidden":0,"_bbp_reply_count_hidden":0,"_bbp_forum_subforum_count":0,"footnotes":""},"categories":[86,1,4,145],"tags":[],"class_list":["post-11462","post","type-post","status-publish","format-standard","hentry","category-blog","category-general","category-portada","category-primaria"],"post_mailing_queue_ids":[],"_links":{"self":[{"href":"https:\/\/agora.xtec.cat\/escolaestevebarrachina\/wp-json\/wp\/v2\/posts\/11462","targetHints":{"allow":["GET"]}}],"collection":[{"href":"https:\/\/agora.xtec.cat\/escolaestevebarrachina\/wp-json\/wp\/v2\/posts"}],"about":[{"href":"https:\/\/agora.xtec.cat\/escolaestevebarrachina\/wp-json\/wp\/v2\/types\/post"}],"author":[{"embeddable":true,"href":"https:\/\/agora.xtec.cat\/escolaestevebarrachina\/wp-json\/wp\/v2\/users\/1"}],"replies":[{"embeddable":true,"href":"https:\/\/agora.xtec.cat\/escolaestevebarrachina\/wp-json\/wp\/v2\/comments?post=11462"}],"version-history":[{"count":3,"href":"https:\/\/agora.xtec.cat\/escolaestevebarrachina\/wp-json\/wp\/v2\/posts\/11462\/revisions"}],"predecessor-version":[{"id":11466,"href":"https:\/\/agora.xtec.cat\/escolaestevebarrachina\/wp-json\/wp\/v2\/posts\/11462\/revisions\/11466"}],"wp:attachment":[{"href":"https:\/\/agora.xtec.cat\/escolaestevebarrachina\/wp-json\/wp\/v2\/media?parent=11462"}],"wp:term":[{"taxonomy":"category","embeddable":true,"href":"https:\/\/agora.xtec.cat\/escolaestevebarrachina\/wp-json\/wp\/v2\/categories?post=11462"},{"taxonomy":"post_tag","embeddable":true,"href":"https:\/\/agora.xtec.cat\/escolaestevebarrachina\/wp-json\/wp\/v2\/tags?post=11462"}],"curies":[{"name":"wp","href":"https:\/\/api.w.org\/{rel}","templated":true}]}}