{"id":11447,"date":"2020-06-18T18:27:55","date_gmt":"2020-06-18T16:27:55","guid":{"rendered":"https:\/\/agora.xtec.cat\/escolaestevebarrachina\/?p=11447"},"modified":"2020-06-18T18:41:38","modified_gmt":"2020-06-18T16:41:38","slug":"campanya-guanyem-un-estiu-lector","status":"publish","type":"post","link":"https:\/\/agora.xtec.cat\/escolaestevebarrachina\/escola\/campanya-guanyem-un-estiu-lector\/","title":{"rendered":"CAMPANYA: GUANYEM UN ESTIU LECTOR"},"content":{"rendered":"<p>Que al vostre fill i filla li agradi llegir i entengui el que llegeix \u00e9s clau PEL SEU \u00c8XIT ESCOLAR.<\/p>\n<p>Aquesta \u00e9s la campanya que des del Lecxit de la Fundaci\u00f3 Bofill, s&#8217;est\u00e0 duent a terme , durant aquest estiu, amb l&#8217;objectiu de fomentar la lectura entres els nostres infants.<\/p>\n<p>Aqu\u00ed us adjuntem uns documents que s\u00f3n orientacions, per ajudar-vos des de casa:<\/p>\n<p>&#8211; INFOGRAFIA &#8211; 5 CONSELLS PER PROMOURE LA LECTURA EN FAM\u00cdLIA<\/p>\n<p><a href=\"https:\/\/agora.xtec.cat\/escolaestevebarrachina\/wp-content\/uploads\/usu1360\/2020\/06\/catal\u00e0.jpg\"><img loading=\"lazy\" decoding=\"async\" class=\"alignnone size-large wp-image-11448\" src=\"https:\/\/agora.xtec.cat\/escolaestevebarrachina\/wp-content\/uploads\/usu1360\/2020\/06\/catal\u00e0-725x1024.jpg\" alt=\"\" width=\"725\" height=\"1024\" srcset=\"https:\/\/agora.xtec.cat\/escolaestevebarrachina\/wp-content\/uploads\/usu1360\/2020\/06\/catal\u00e0-725x1024.jpg 725w, https:\/\/agora.xtec.cat\/escolaestevebarrachina\/wp-content\/uploads\/usu1360\/2020\/06\/catal\u00e0-212x300.jpg 212w, https:\/\/agora.xtec.cat\/escolaestevebarrachina\/wp-content\/uploads\/usu1360\/2020\/06\/catal\u00e0-768x1085.jpg 768w, https:\/\/agora.xtec.cat\/escolaestevebarrachina\/wp-content\/uploads\/usu1360\/2020\/06\/catal\u00e0.jpg 1241w\" sizes=\"auto, (max-width: 725px) 100vw, 725px\" \/><\/a><\/p>\n<p>&#8211; VIDEOS: 5 CONSELLS:<\/p>\n<p><a href=\"https:\/\/youtu.be\/h9uNAGCMDfk\"><img loading=\"lazy\" decoding=\"async\" class=\"alignnone size-large wp-image-11451\" src=\"https:\/\/agora.xtec.cat\/escolaestevebarrachina\/wp-content\/uploads\/usu1360\/2020\/06\/Consell-1-1024x477.png\" alt=\"\" width=\"1024\" height=\"477\" srcset=\"https:\/\/agora.xtec.cat\/escolaestevebarrachina\/wp-content\/uploads\/usu1360\/2020\/06\/Consell-1.png 1024w, https:\/\/agora.xtec.cat\/escolaestevebarrachina\/wp-content\/uploads\/usu1360\/2020\/06\/Consell-1-300x140.png 300w, https:\/\/agora.xtec.cat\/escolaestevebarrachina\/wp-content\/uploads\/usu1360\/2020\/06\/Consell-1-768x358.png 768w\" sizes=\"auto, (max-width: 1024px) 100vw, 1024px\" \/><\/a><\/p>\n<p><a href=\"https:\/\/youtu.be\/WW1g2ywwkB4\"><img loading=\"lazy\" decoding=\"async\" class=\"alignnone size-large wp-image-11452\" src=\"https:\/\/agora.xtec.cat\/escolaestevebarrachina\/wp-content\/uploads\/usu1360\/2020\/06\/consell-2-1024x479.png\" alt=\"\" width=\"1024\" height=\"479\" srcset=\"https:\/\/agora.xtec.cat\/escolaestevebarrachina\/wp-content\/uploads\/usu1360\/2020\/06\/consell-2.png 1024w, https:\/\/agora.xtec.cat\/escolaestevebarrachina\/wp-content\/uploads\/usu1360\/2020\/06\/consell-2-300x140.png 300w, https:\/\/agora.xtec.cat\/escolaestevebarrachina\/wp-content\/uploads\/usu1360\/2020\/06\/consell-2-768x359.png 768w\" sizes=\"auto, (max-width: 1024px) 100vw, 1024px\" \/><\/a><\/p>\n<p><a href=\"https:\/\/youtu.be\/7wYxu74ot8w\"><img loading=\"lazy\" decoding=\"async\" class=\"alignnone size-large wp-image-11449\" src=\"https:\/\/agora.xtec.cat\/escolaestevebarrachina\/wp-content\/uploads\/usu1360\/2020\/06\/consell-3-1024x479.png\" alt=\"\" width=\"1024\" height=\"479\" srcset=\"https:\/\/agora.xtec.cat\/escolaestevebarrachina\/wp-content\/uploads\/usu1360\/2020\/06\/consell-3-1024x479.png 1024w, https:\/\/agora.xtec.cat\/escolaestevebarrachina\/wp-content\/uploads\/usu1360\/2020\/06\/consell-3-300x140.png 300w, https:\/\/agora.xtec.cat\/escolaestevebarrachina\/wp-content\/uploads\/usu1360\/2020\/06\/consell-3-768x359.png 768w, https:\/\/agora.xtec.cat\/escolaestevebarrachina\/wp-content\/uploads\/usu1360\/2020\/06\/consell-3.png 1895w\" sizes=\"auto, (max-width: 1024px) 100vw, 1024px\" \/><\/a><\/p>\n<p><a href=\"https:\/\/youtu.be\/1lQZrSA4Z5g\"><img loading=\"lazy\" decoding=\"async\" class=\"alignnone size-large wp-image-11453\" src=\"https:\/\/agora.xtec.cat\/escolaestevebarrachina\/wp-content\/uploads\/usu1360\/2020\/06\/Consell-4-1024x477.png\" alt=\"\" width=\"1024\" height=\"477\" srcset=\"https:\/\/agora.xtec.cat\/escolaestevebarrachina\/wp-content\/uploads\/usu1360\/2020\/06\/Consell-4.png 1024w, https:\/\/agora.xtec.cat\/escolaestevebarrachina\/wp-content\/uploads\/usu1360\/2020\/06\/Consell-4-300x140.png 300w, https:\/\/agora.xtec.cat\/escolaestevebarrachina\/wp-content\/uploads\/usu1360\/2020\/06\/Consell-4-768x358.png 768w\" sizes=\"auto, (max-width: 1024px) 100vw, 1024px\" \/><\/a><\/p>\n<p><a href=\"https:\/\/youtu.be\/rli1Cl98H1c\"><img loading=\"lazy\" decoding=\"async\" class=\"alignnone size-large wp-image-11450\" src=\"https:\/\/agora.xtec.cat\/escolaestevebarrachina\/wp-content\/uploads\/usu1360\/2020\/06\/consell-5-1024x476.png\" alt=\"\" width=\"1024\" height=\"476\" srcset=\"https:\/\/agora.xtec.cat\/escolaestevebarrachina\/wp-content\/uploads\/usu1360\/2020\/06\/consell-5-1024x476.png 1024w, https:\/\/agora.xtec.cat\/escolaestevebarrachina\/wp-content\/uploads\/usu1360\/2020\/06\/consell-5-300x139.png 300w, https:\/\/agora.xtec.cat\/escolaestevebarrachina\/wp-content\/uploads\/usu1360\/2020\/06\/consell-5-768x357.png 768w, https:\/\/agora.xtec.cat\/escolaestevebarrachina\/wp-content\/uploads\/usu1360\/2020\/06\/consell-5.png 1903w\" sizes=\"auto, (max-width: 1024px) 100vw, 1024px\" \/><\/a><\/p>\n<p>&#8211;<a href=\"https:\/\/drive.google.com\/file\/d\/1RkFdBWuGOSrmS80RyZNgNPiECoGOtaWa\/view?usp=sharing\"> LLEGIR AMB ELS FILLS I FILLES: Q\u00dcESTI\u00d3 DE CONFIAN\u00c7A, GENEROSITAT I PACI\u00c8NCIA<\/a>. Orientacions\u00a0 per a Pares i Mares d&#8217;en Jaume Centelles.<\/p>\n","protected":false},"excerpt":{"rendered":"<p>Que al vostre fill i filla li agradi llegir i entengui el que llegeix \u00e9s clau PEL SEU \u00c8XIT ESCOLAR.<br \/>\nAquesta \u00e9s la campanya que des del Lecxit de la Fundaci\u00f3 Bofill, s&#8217;est\u00e0 duent a terme , durant aquest estiu, amb l&#8217;objectiu de fomentar la lectura&hellip;  <a href=\"https:\/\/agora.xtec.cat\/escolaestevebarrachina\/escola\/campanya-guanyem-un-estiu-lector\/\" title=\"Read CAMPANYA: GUANYEM UN ESTIU LECTOR\">Llegeix m\u00e9s\u00bb<\/a><\/p>\n","protected":false},"author":7,"featured_media":11456,"comment_status":"open","ping_status":"closed","sticky":false,"template":"","format":"standard","meta":{"_bbp_topic_count":0,"_bbp_reply_count":0,"_bbp_total_topic_count":0,"_bbp_total_reply_count":0,"_bbp_voice_count":0,"_bbp_anonymous_reply_count":0,"_bbp_topic_count_hidden":0,"_bbp_reply_count_hidden":0,"_bbp_forum_subforum_count":0,"footnotes":""},"categories":[86,5,158],"tags":[69],"class_list":["post-11447","post","type-post","status-publish","format-standard","has-post-thumbnail","hentry","category-blog","category-escola","category-biblioteca","tag-lectura"],"post_mailing_queue_ids":[],"_links":{"self":[{"href":"https:\/\/agora.xtec.cat\/escolaestevebarrachina\/wp-json\/wp\/v2\/posts\/11447","targetHints":{"allow":["GET"]}}],"collection":[{"href":"https:\/\/agora.xtec.cat\/escolaestevebarrachina\/wp-json\/wp\/v2\/posts"}],"about":[{"href":"https:\/\/agora.xtec.cat\/escolaestevebarrachina\/wp-json\/wp\/v2\/types\/post"}],"author":[{"embeddable":true,"href":"https:\/\/agora.xtec.cat\/escolaestevebarrachina\/wp-json\/wp\/v2\/users\/7"}],"replies":[{"embeddable":true,"href":"https:\/\/agora.xtec.cat\/escolaestevebarrachina\/wp-json\/wp\/v2\/comments?post=11447"}],"version-history":[{"count":3,"href":"https:\/\/agora.xtec.cat\/escolaestevebarrachina\/wp-json\/wp\/v2\/posts\/11447\/revisions"}],"predecessor-version":[{"id":11457,"href":"https:\/\/agora.xtec.cat\/escolaestevebarrachina\/wp-json\/wp\/v2\/posts\/11447\/revisions\/11457"}],"wp:featuredmedia":[{"embeddable":true,"href":"https:\/\/agora.xtec.cat\/escolaestevebarrachina\/wp-json\/wp\/v2\/media\/11456"}],"wp:attachment":[{"href":"https:\/\/agora.xtec.cat\/escolaestevebarrachina\/wp-json\/wp\/v2\/media?parent=11447"}],"wp:term":[{"taxonomy":"category","embeddable":true,"href":"https:\/\/agora.xtec.cat\/escolaestevebarrachina\/wp-json\/wp\/v2\/categories?post=11447"},{"taxonomy":"post_tag","embeddable":true,"href":"https:\/\/agora.xtec.cat\/escolaestevebarrachina\/wp-json\/wp\/v2\/tags?post=11447"}],"curies":[{"name":"wp","href":"https:\/\/api.w.org\/{rel}","templated":true}]}}