{"id":11426,"date":"2020-06-07T20:00:41","date_gmt":"2020-06-07T18:00:41","guid":{"rendered":"https:\/\/agora.xtec.cat\/escolaestevebarrachina\/?p=11426"},"modified":"2020-09-03T18:32:39","modified_gmt":"2020-09-03T16:32:39","slug":"recapte-daliments-2020","status":"publish","type":"post","link":"https:\/\/agora.xtec.cat\/escolaestevebarrachina\/general\/recapte-daliments-2020\/","title":{"rendered":"Recapte d&#8217;Aliments 2020"},"content":{"rendered":"<p><a href=\"https:\/\/youtu.be\/6nXe8oU7asA\"><iframe loading=\"lazy\" src=\"\/\/www.youtube.com\/embed\/6nXe8oU7asA\" width=\"560\" height=\"314\"><\/iframe><\/a><\/p>\n<p>Us esperem del 8 al 12 de juny, de 9h a 12h a la porta del c\/ Rafael Llopart.<\/p>\n<p>Com cada any recollirem productes amb caducitat de llarga durada i els donarem a C\u00e0ritas de Sitges.<\/p>\n<p>C\u00e0ritas i la Creu Roja estan atenent, en aquests moments tan cr\u00edtics, prop de 300 fam\u00edlies a la nostra vila.<\/p>\n","protected":false},"excerpt":{"rendered":"<p><a href=\"https:\/\/youtu.be\/6nXe8oU7asA\"><\/a><br \/>\nUs esperem del 8 al 12 de juny, de 9h a 12h a la porta del c\/ Rafael Llopart.<br \/>\nCom cada any recollirem productes amb caducitat de llarga durada i els donarem a C\u00e0ritas de Sitges.<br \/>\nC\u00e0ritas i la Creu Roja estan atenent, en aquests moments&hellip;  <a href=\"https:\/\/agora.xtec.cat\/escolaestevebarrachina\/general\/recapte-daliments-2020\/\" title=\"Read Recapte d&#8217;Aliments 2020\">Llegeix m\u00e9s\u00bb<\/a><\/p>\n","protected":false},"author":1,"featured_media":11427,"comment_status":"open","ping_status":"closed","sticky":false,"template":"","format":"standard","meta":{"_bbp_topic_count":0,"_bbp_reply_count":0,"_bbp_total_topic_count":0,"_bbp_total_reply_count":0,"_bbp_voice_count":0,"_bbp_anonymous_reply_count":0,"_bbp_topic_count_hidden":0,"_bbp_reply_count_hidden":0,"_bbp_forum_subforum_count":0,"footnotes":""},"categories":[84,86,1,4,145],"tags":[],"class_list":["post-11426","post","type-post","status-publish","format-standard","has-post-thumbnail","hentry","category-activitats-del-centre","category-blog","category-general","category-portada","category-primaria"],"post_mailing_queue_ids":[],"_links":{"self":[{"href":"https:\/\/agora.xtec.cat\/escolaestevebarrachina\/wp-json\/wp\/v2\/posts\/11426","targetHints":{"allow":["GET"]}}],"collection":[{"href":"https:\/\/agora.xtec.cat\/escolaestevebarrachina\/wp-json\/wp\/v2\/posts"}],"about":[{"href":"https:\/\/agora.xtec.cat\/escolaestevebarrachina\/wp-json\/wp\/v2\/types\/post"}],"author":[{"embeddable":true,"href":"https:\/\/agora.xtec.cat\/escolaestevebarrachina\/wp-json\/wp\/v2\/users\/1"}],"replies":[{"embeddable":true,"href":"https:\/\/agora.xtec.cat\/escolaestevebarrachina\/wp-json\/wp\/v2\/comments?post=11426"}],"version-history":[{"count":1,"href":"https:\/\/agora.xtec.cat\/escolaestevebarrachina\/wp-json\/wp\/v2\/posts\/11426\/revisions"}],"predecessor-version":[{"id":11428,"href":"https:\/\/agora.xtec.cat\/escolaestevebarrachina\/wp-json\/wp\/v2\/posts\/11426\/revisions\/11428"}],"wp:featuredmedia":[{"embeddable":true,"href":"https:\/\/agora.xtec.cat\/escolaestevebarrachina\/wp-json\/wp\/v2\/media\/11427"}],"wp:attachment":[{"href":"https:\/\/agora.xtec.cat\/escolaestevebarrachina\/wp-json\/wp\/v2\/media?parent=11426"}],"wp:term":[{"taxonomy":"category","embeddable":true,"href":"https:\/\/agora.xtec.cat\/escolaestevebarrachina\/wp-json\/wp\/v2\/categories?post=11426"},{"taxonomy":"post_tag","embeddable":true,"href":"https:\/\/agora.xtec.cat\/escolaestevebarrachina\/wp-json\/wp\/v2\/tags?post=11426"}],"curies":[{"name":"wp","href":"https:\/\/api.w.org\/{rel}","templated":true}]}}