{"id":11359,"date":"2020-05-08T19:40:09","date_gmt":"2020-05-08T17:40:09","guid":{"rendered":"https:\/\/agora.xtec.cat\/escolaestevebarrachina\/?p=11359"},"modified":"2023-02-07T18:14:44","modified_gmt":"2023-02-07T17:14:44","slug":"hem-guanyat-el-baldiri","status":"publish","type":"post","link":"https:\/\/agora.xtec.cat\/escolaestevebarrachina\/general\/hem-guanyat-el-baldiri\/","title":{"rendered":"HEM GUANYAT EL BALDIRI!!!"},"content":{"rendered":"<p><a href=\"https:\/\/agora.xtec.cat\/escolaestevebarrachina\/wp-content\/uploads\/usu1360\/2020\/05\/baldiri-foto.png\"><img loading=\"lazy\" decoding=\"async\" class=\"alignnone size-large wp-image-11360\" src=\"https:\/\/agora.xtec.cat\/escolaestevebarrachina\/wp-content\/uploads\/usu1360\/2020\/05\/baldiri-foto-1024x202.png\" alt=\"\" width=\"1024\" height=\"202\" srcset=\"https:\/\/agora.xtec.cat\/escolaestevebarrachina\/wp-content\/uploads\/usu1360\/2020\/05\/baldiri-foto-1024x202.png 1024w, https:\/\/agora.xtec.cat\/escolaestevebarrachina\/wp-content\/uploads\/usu1360\/2020\/05\/baldiri-foto-300x59.png 300w, https:\/\/agora.xtec.cat\/escolaestevebarrachina\/wp-content\/uploads\/usu1360\/2020\/05\/baldiri-foto-768x152.png 768w, https:\/\/agora.xtec.cat\/escolaestevebarrachina\/wp-content\/uploads\/usu1360\/2020\/05\/baldiri-foto.png 1118w\" sizes=\"auto, (max-width: 1024px) 100vw, 1024px\" \/><\/a><\/p>\n<p>Ens acaben de comunicar que som GUANYADORS del Premi Baldiri Escola 2020!!!<\/p>\n<p>Una gran alegria per l&#8217;escola enmig de tota aquesta situaci\u00f3 tan dif\u00edcil que el confinament ha generat.<\/p>\n<p>Premi que ajudar\u00e0 a impulsar l&#8217;escola i que rebem per la import\u00e0ncia que t\u00e9 la m\u00fasica dins el nostre projecte educatiu. Felicitats a tota la comunitat educativa del Barrachina!<\/p>\n","protected":false},"excerpt":{"rendered":"<p><a href=\"https:\/\/agora.xtec.cat\/escolaestevebarrachina\/wp-content\/uploads\/usu1360\/2020\/05\/baldiri-foto.png\"><\/a><br \/>\nEns acaben de comunicar que som GUANYADORS del Premi Baldiri Escola 2020!!!<br \/>\nUna gran alegria per l&#8217;escola enmig de tota aquesta situaci\u00f3 tan dif\u00edcil que el confinament ha generat.<br \/>\nPremi que ajudar\u00e0 a impulsar l&#8217;escola i que rebem per la import\u00e0ncia que t\u00e9 la m\u00fasica dins&hellip;  <a href=\"https:\/\/agora.xtec.cat\/escolaestevebarrachina\/general\/hem-guanyat-el-baldiri\/\" title=\"Read HEM GUANYAT EL BALDIRI!!!\">Llegeix m\u00e9s\u00bb<\/a><\/p>\n","protected":false},"author":1,"featured_media":11360,"comment_status":"open","ping_status":"closed","sticky":false,"template":"","format":"standard","meta":{"_bbp_topic_count":0,"_bbp_reply_count":0,"_bbp_total_topic_count":0,"_bbp_total_reply_count":0,"_bbp_voice_count":0,"_bbp_anonymous_reply_count":0,"_bbp_topic_count_hidden":0,"_bbp_reply_count_hidden":0,"_bbp_forum_subforum_count":0,"footnotes":""},"categories":[84,5,1,4,145],"tags":[],"class_list":["post-11359","post","type-post","status-publish","format-standard","has-post-thumbnail","hentry","category-activitats-del-centre","category-escola","category-general","category-portada","category-primaria"],"post_mailing_queue_ids":[],"_links":{"self":[{"href":"https:\/\/agora.xtec.cat\/escolaestevebarrachina\/wp-json\/wp\/v2\/posts\/11359","targetHints":{"allow":["GET"]}}],"collection":[{"href":"https:\/\/agora.xtec.cat\/escolaestevebarrachina\/wp-json\/wp\/v2\/posts"}],"about":[{"href":"https:\/\/agora.xtec.cat\/escolaestevebarrachina\/wp-json\/wp\/v2\/types\/post"}],"author":[{"embeddable":true,"href":"https:\/\/agora.xtec.cat\/escolaestevebarrachina\/wp-json\/wp\/v2\/users\/1"}],"replies":[{"embeddable":true,"href":"https:\/\/agora.xtec.cat\/escolaestevebarrachina\/wp-json\/wp\/v2\/comments?post=11359"}],"version-history":[{"count":1,"href":"https:\/\/agora.xtec.cat\/escolaestevebarrachina\/wp-json\/wp\/v2\/posts\/11359\/revisions"}],"predecessor-version":[{"id":11361,"href":"https:\/\/agora.xtec.cat\/escolaestevebarrachina\/wp-json\/wp\/v2\/posts\/11359\/revisions\/11361"}],"wp:featuredmedia":[{"embeddable":true,"href":"https:\/\/agora.xtec.cat\/escolaestevebarrachina\/wp-json\/wp\/v2\/media\/11360"}],"wp:attachment":[{"href":"https:\/\/agora.xtec.cat\/escolaestevebarrachina\/wp-json\/wp\/v2\/media?parent=11359"}],"wp:term":[{"taxonomy":"category","embeddable":true,"href":"https:\/\/agora.xtec.cat\/escolaestevebarrachina\/wp-json\/wp\/v2\/categories?post=11359"},{"taxonomy":"post_tag","embeddable":true,"href":"https:\/\/agora.xtec.cat\/escolaestevebarrachina\/wp-json\/wp\/v2\/tags?post=11359"}],"curies":[{"name":"wp","href":"https:\/\/api.w.org\/{rel}","templated":true}]}}