{"id":11340,"date":"2020-05-07T11:02:18","date_gmt":"2020-05-07T09:02:18","guid":{"rendered":"https:\/\/agora.xtec.cat\/escolaestevebarrachina\/?p=11340"},"modified":"2022-01-21T11:54:08","modified_gmt":"2022-01-21T10:54:08","slug":"portes-obertes-virtuals","status":"publish","type":"post","link":"https:\/\/agora.xtec.cat\/escolaestevebarrachina\/general\/portes-obertes-virtuals\/","title":{"rendered":"Portes Obertes Virtuals"},"content":{"rendered":"<p><a href=\"https:\/\/forms.gle\/YEmxVru2T6LcsVMNA\"><img loading=\"lazy\" decoding=\"async\" class=\"alignnone size-large wp-image-11342\" src=\"https:\/\/agora.xtec.cat\/escolaestevebarrachina\/wp-content\/uploads\/usu1360\/2020\/05\/WhatsApp-Image-2020-05-07-at-10.55.29-754x1024.jpeg\" alt=\"\" width=\"754\" height=\"1024\" srcset=\"https:\/\/agora.xtec.cat\/escolaestevebarrachina\/wp-content\/uploads\/usu1360\/2020\/05\/WhatsApp-Image-2020-05-07-at-10.55.29-754x1024.jpeg 754w, https:\/\/agora.xtec.cat\/escolaestevebarrachina\/wp-content\/uploads\/usu1360\/2020\/05\/WhatsApp-Image-2020-05-07-at-10.55.29-221x300.jpeg 221w, https:\/\/agora.xtec.cat\/escolaestevebarrachina\/wp-content\/uploads\/usu1360\/2020\/05\/WhatsApp-Image-2020-05-07-at-10.55.29-768x1043.jpeg 768w, https:\/\/agora.xtec.cat\/escolaestevebarrachina\/wp-content\/uploads\/usu1360\/2020\/05\/WhatsApp-Image-2020-05-07-at-10.55.29.jpeg 968w\" sizes=\"auto, (max-width: 754px) 100vw, 754px\" \/><\/a><\/p>\n<p>Del 13 al 22 de maig tindr\u00e0 lloc el proc\u00e9s de preinscripci\u00f3 de forma telem\u00e0tica. A partir del 19 tamb\u00e9 de forma presencial, per\u00f2 caldr\u00e0 demanar cita p\u00e8via.<\/p>\n<p>Abans us volem convidar a una sessi\u00f3 de portes obertes on line. Ser\u00e0 dilluns 11 a les 17h.<\/p>\n<p>Si hi esteu interessats, ompliu si us plau el seg\u00fcent formulari: <a href=\"https:\/\/forms.gle\/YEmxVru2T6LcsVMNA\">Vull rebre invitaci\u00f3 a la videoconfer\u00e8ncia<\/a><\/p>\n","protected":false},"excerpt":{"rendered":"<p><a href=\"https:\/\/forms.gle\/YEmxVru2T6LcsVMNA\"><\/a><br \/>\nDel 13 al 22 de maig tindr\u00e0 lloc el proc\u00e9s de preinscripci\u00f3 de forma telem\u00e0tica. A partir del 19 tamb\u00e9 de forma presencial, per\u00f2 caldr\u00e0 demanar cita p\u00e8via.<br \/>\nAbans us volem convidar a una sessi\u00f3 de portes obertes on line. Ser\u00e0 dilluns 11 a les&hellip;  <a href=\"https:\/\/agora.xtec.cat\/escolaestevebarrachina\/general\/portes-obertes-virtuals\/\" title=\"Read Portes Obertes Virtuals\">Llegeix m\u00e9s\u00bb<\/a><\/p>\n","protected":false},"author":1,"featured_media":11342,"comment_status":"open","ping_status":"closed","sticky":false,"template":"","format":"standard","meta":{"_bbp_topic_count":0,"_bbp_reply_count":0,"_bbp_total_topic_count":0,"_bbp_total_reply_count":0,"_bbp_voice_count":0,"_bbp_anonymous_reply_count":0,"_bbp_topic_count_hidden":0,"_bbp_reply_count_hidden":0,"_bbp_forum_subforum_count":0,"footnotes":""},"categories":[5,1,4],"tags":[],"class_list":["post-11340","post","type-post","status-publish","format-standard","has-post-thumbnail","hentry","category-escola","category-general","category-portada"],"post_mailing_queue_ids":[],"_links":{"self":[{"href":"https:\/\/agora.xtec.cat\/escolaestevebarrachina\/wp-json\/wp\/v2\/posts\/11340","targetHints":{"allow":["GET"]}}],"collection":[{"href":"https:\/\/agora.xtec.cat\/escolaestevebarrachina\/wp-json\/wp\/v2\/posts"}],"about":[{"href":"https:\/\/agora.xtec.cat\/escolaestevebarrachina\/wp-json\/wp\/v2\/types\/post"}],"author":[{"embeddable":true,"href":"https:\/\/agora.xtec.cat\/escolaestevebarrachina\/wp-json\/wp\/v2\/users\/1"}],"replies":[{"embeddable":true,"href":"https:\/\/agora.xtec.cat\/escolaestevebarrachina\/wp-json\/wp\/v2\/comments?post=11340"}],"version-history":[{"count":3,"href":"https:\/\/agora.xtec.cat\/escolaestevebarrachina\/wp-json\/wp\/v2\/posts\/11340\/revisions"}],"predecessor-version":[{"id":11349,"href":"https:\/\/agora.xtec.cat\/escolaestevebarrachina\/wp-json\/wp\/v2\/posts\/11340\/revisions\/11349"}],"wp:featuredmedia":[{"embeddable":true,"href":"https:\/\/agora.xtec.cat\/escolaestevebarrachina\/wp-json\/wp\/v2\/media\/11342"}],"wp:attachment":[{"href":"https:\/\/agora.xtec.cat\/escolaestevebarrachina\/wp-json\/wp\/v2\/media?parent=11340"}],"wp:term":[{"taxonomy":"category","embeddable":true,"href":"https:\/\/agora.xtec.cat\/escolaestevebarrachina\/wp-json\/wp\/v2\/categories?post=11340"},{"taxonomy":"post_tag","embeddable":true,"href":"https:\/\/agora.xtec.cat\/escolaestevebarrachina\/wp-json\/wp\/v2\/tags?post=11340"}],"curies":[{"name":"wp","href":"https:\/\/api.w.org\/{rel}","templated":true}]}}